{"id":84465,"date":"2015-09-30T12:53:29","date_gmt":"2015-09-30T15:53:29","guid":{"rendered":"http:\/\/senoticias.com.br\/se\/?p=84465"},"modified":"2015-09-30T12:53:45","modified_gmt":"2015-09-30T15:53:45","slug":"homem-e-preso-apos-tentar-roubar-arma-de-vigilante-do-senai","status":"publish","type":"post","link":"https:\/\/senoticias.com.br\/se\/homem-e-preso-apos-tentar-roubar-arma-de-vigilante-do-senai\/","title":{"rendered":"Homem \u00e9 preso ap\u00f3s tentar roubar arma de vigilante do Senai"},"content":{"rendered":"<p style=\"text-align: justify;\">A Pol\u00edcia Militar, por meio do Batalh\u00e3o de Pol\u00edcia de Radiopatrulha (BPRp), efetuou nessa ter\u00e7a-feira, 29, a pris\u00e3o de Alexsandro Silva Evangelista, 25 anos, acusado de tentar roubar a arma de um vigilante de um estabelecimento de ensino localizado na rua Propri\u00e1, no Centro de Aracaju.<\/p>\n<div id=\"attachment_84466\" style=\"width: 608px\" class=\"wp-caption aligncenter\"><a href=\"http:\/\/senoticias.com.br\/se\/wp-content\/uploads\/2015\/09\/img560be62426d0a-e1443628333538.jpg\"><img loading=\"lazy\" decoding=\"async\" aria-describedby=\"caption-attachment-84466\" class=\"size-full wp-image-84466\" alt=\" Alexsandro Silva Evangelista, de 25 anos.(Foto: Divulga\u00e7\u00e3o\/PM\/SE)\" src=\"http:\/\/senoticias.com.br\/se\/wp-content\/uploads\/2015\/09\/img560be62426d0a-e1443628333538.jpg\" width=\"598\" height=\"436\" \/><\/a><p id=\"caption-attachment-84466\" class=\"wp-caption-text\">Alexsandro Silva Evangelista, de 25 anos.(Foto: Divulga\u00e7\u00e3o\/PM\/SE)<\/p><\/div>\n<p style=\"text-align: justify;\">De acordo com o comandante do Batalh\u00e3o, major Vitor, a equipe foi acionada pelo Centro Integrado de Opera\u00e7\u00f5es em Seguran\u00e7a P\u00fablica (Ciosp) para atender uma ocorr\u00eancia onde um homem, se passando por aluno da institui\u00e7\u00e3o, teria tentado roubar a arma do vigilante. &#8220;Como houve rea\u00e7\u00e3o por parte do vigia, o suspeito atirou contra a v\u00edtima e fugiu sem levar a arma&#8221;, explicou.<\/p>\n<p style=\"text-align: justify;\">A guarni\u00e7\u00e3o foi at\u00e9 o local, obteve informa\u00e7\u00f5es sobre as caracter\u00edsticas do indiv\u00edduo e realizou buscas na regi\u00e3o. O suspeito foi localizado e ao avistar a viatura empreendeu fuga, sendo perseguido at\u00e9 a avenida Desembargador Maynard, onde jogou a arma dentro de uma loja e em seguida sendo detido.<\/p>\n<p style=\"text-align: justify;\">Alexsandro j\u00e1 possui passagens pela Pol\u00edcia pelo crime de roubo. Inclusive, a arma utilizada na tentativa de roubo, um rev\u00f3lver calibre 38, com seis muni\u00e7\u00f5es sendo duas deflagradas, foi roubado de outro vigilante no \u00faltimo dia 3 de setembro deste ano. O suspeito foi encaminhado \u00e0 2\u00aa Delegacia Metropolitana, onde foi autuado pelos crimes de porte ilegal de arma de fogo e tentativa de homic\u00eddio.<\/p>\n<p style=\"text-align: justify;\"><strong>Acompanhe o SE Not\u00edcias no\u00a0<a href=\"https:\/\/twitter.com\/Senoticias\" target=\"_blank\">Twitter\u00a0<\/a>e no\u00a0<a href=\"https:\/\/www.facebook.com\/PortalSENoticias\" target=\"_blank\">Facebook<\/a><\/strong><\/p>\n<p style=\"text-align: justify;\"><strong><em>Ascom\/PM\/SE<\/em><\/strong><\/p>\n","protected":false},"excerpt":{"rendered":"<p>A Pol\u00edcia Militar, por meio do Batalh\u00e3o de Pol\u00edcia de Radiopatrulha (BPRp), efetuou nessa ter\u00e7a-feira, 29, a pris\u00e3o de Alexsandro Silva Evangelista, 25 anos, acusado de tentar roubar a arma de um vigilante de um estabelecimento de ensino localizado na rua Propri\u00e1, no Centro de Aracaju. De acordo com o comandante do Batalh\u00e3o, major Vitor, [&hellip;]<\/p>\n","protected":false},"author":1,"featured_media":84466,"comment_status":"closed","ping_status":"closed","sticky":false,"template":"","format":"standard","meta":{"footnotes":""},"categories":[7],"tags":[],"class_list":{"0":"post-84465","1":"post","2":"type-post","3":"status-publish","4":"format-standard","5":"has-post-thumbnail","7":"category-policia"},"_links":{"self":[{"href":"https:\/\/senoticias.com.br\/se\/wp-json\/wp\/v2\/posts\/84465"}],"collection":[{"href":"https:\/\/senoticias.com.br\/se\/wp-json\/wp\/v2\/posts"}],"about":[{"href":"https:\/\/senoticias.com.br\/se\/wp-json\/wp\/v2\/types\/post"}],"author":[{"embeddable":true,"href":"https:\/\/senoticias.com.br\/se\/wp-json\/wp\/v2\/users\/1"}],"replies":[{"embeddable":true,"href":"https:\/\/senoticias.com.br\/se\/wp-json\/wp\/v2\/comments?post=84465"}],"version-history":[{"count":0,"href":"https:\/\/senoticias.com.br\/se\/wp-json\/wp\/v2\/posts\/84465\/revisions"}],"wp:featuredmedia":[{"embeddable":true,"href":"https:\/\/senoticias.com.br\/se\/wp-json\/wp\/v2\/media\/84466"}],"wp:attachment":[{"href":"https:\/\/senoticias.com.br\/se\/wp-json\/wp\/v2\/media?parent=84465"}],"wp:term":[{"taxonomy":"category","embeddable":true,"href":"https:\/\/senoticias.com.br\/se\/wp-json\/wp\/v2\/categories?post=84465"},{"taxonomy":"post_tag","embeddable":true,"href":"https:\/\/senoticias.com.br\/se\/wp-json\/wp\/v2\/tags?post=84465"}],"curies":[{"name":"wp","href":"https:\/\/api.w.org\/{rel}","templated":true}]}}