{"id":84462,"date":"2015-09-30T12:35:41","date_gmt":"2015-09-30T15:35:41","guid":{"rendered":"http:\/\/senoticias.com.br\/se\/?p=84462"},"modified":"2015-10-01T10:26:18","modified_gmt":"2015-10-01T13:26:18","slug":"divulgado-resultado-final-do-processo-seletivo-para-merendeiro-escolar","status":"publish","type":"post","link":"https:\/\/senoticias.com.br\/se\/divulgado-resultado-final-do-processo-seletivo-para-merendeiro-escolar\/","title":{"rendered":"Divulgado resultado final do Processo Seletivo para Merendeiro Escolar"},"content":{"rendered":"<p style=\"text-align: justify;\">Lan\u00e7ado no \u00faltimo m\u00eas de agosto, o Edital do Processo Seletivo Simplificado n\u00ba 06\/2015 (PSS), que visa a contrata\u00e7\u00e3o de 200 merendeiros escolares para a Rede Estadual de Ensino, teve seu Resultado Definitivo divulgado nesta quarta-feira, 30.<\/p>\n<div id=\"attachment_84463\" style=\"width: 608px\" class=\"wp-caption aligncenter\"><a href=\"http:\/\/senoticias.com.br\/se\/wp-content\/uploads\/2015\/09\/Fotos-Eug\u00eanio-Barreto-184-e1443627444191.jpg\"><img loading=\"lazy\" decoding=\"async\" aria-describedby=\"caption-attachment-84463\" class=\"size-full wp-image-84463\" alt=\"Convoca\u00e7\u00f5es ser\u00e3o realizadas mediante solicita\u00e7\u00f5es da SEED. (Foto: Eug\u00eanio Barreto\/SEED) \" src=\"http:\/\/senoticias.com.br\/se\/wp-content\/uploads\/2015\/09\/Fotos-Eug\u00eanio-Barreto-184-e1443627444191.jpg\" width=\"598\" height=\"399\" \/><\/a><p id=\"caption-attachment-84463\" class=\"wp-caption-text\">Convoca\u00e7\u00f5es ser\u00e3o realizadas mediante solicita\u00e7\u00f5es da SEED. (Foto: Eug\u00eanio Barreto\/SEED)<\/p><\/div>\n<p style=\"text-align: justify;\">As listas est\u00e3o divididas por Diretorias Regionais de Educa\u00e7\u00e3o (DREs), e pode ser visualizada\u00a0<a href=\"http:\/\/www.seplag.se.gov.br\/component\/content\/article\/9-uncategorised\/3077-pss-n-06-2015-merendeiro\" target=\"_blank\">aqui<\/a>. As convoca\u00e7\u00f5es acontecer\u00e3o logo em breve, mediante as solicita\u00e7\u00f5es da Secretaria de Estado da Educa\u00e7\u00e3o (SEED).<\/p>\n<p style=\"text-align: justify;\">O Processo Seletivo foi coordenado pela Secretaria de Estado do Planejamento, Or\u00e7amento e Gest\u00e3o e obteve 10.135 inscritos. Atrav\u00e9s do PSS, que foi um pleito do secret\u00e1rio de Estado da Educa\u00e7\u00e3o, Jorge Carvalho, junto ao Governador Jackson Barreto, o Governo de Sergipe pretende preencher a lacuna desses profissionais nas escolas da Rede em diversos munic\u00edpios sergipanos.<\/p>\n<p style=\"text-align: justify;\">A contrata\u00e7\u00e3o dos selecionados ser\u00e1 em regime tempor\u00e1ria, com prazo de um ano, podendo ser prorrogado para mais um ano; os aprovados exercer\u00e3o a fun\u00e7\u00e3o em uma carga hor\u00e1ria de 30 horas semanais, com a remunera\u00e7\u00e3o de um sal\u00e1rio m\u00ednimo vigente.<\/p>\n<p style=\"text-align: justify;\">&#8220;\u00c9 importante lembrar que teremos um cadastro reserva para vagas que surgirem durante a vig\u00eancia deste Processo Seletivo Simplificado&#8221;, explica o secret\u00e1rio de Planejamento, Jo\u00e3o Augusto Gama.<\/p>\n<p style=\"text-align: justify;\">Caso surjam vagas em munic\u00edpios n\u00e3o previstos ou n\u00e3o haja candidatos classificados no munic\u00edpio, ser\u00e3o convidados os candidatos ainda n\u00e3o convocados com melhor classifica\u00e7\u00e3o na DRE a qual o munic\u00edpio de inscri\u00e7\u00e3o do candidato esteja vinculado, mediante a divulga\u00e7\u00e3o, no site da SEPLAG, de Edital de Convite.<\/p>\n<p style=\"text-align: justify;\">&#8220;Com esta medida, esperamos minimizar os problemas atuais decorrentes da falta do profissional merendeiro escolar, enquanto j\u00e1 encaminhamos as tratativas, por determina\u00e7\u00e3o do governador Jackson Barreto, para que grande parte da merenda escolar seja terceirizada no pr\u00f3ximo ano&#8221;, relata o secret\u00e1rio de Estado da educa\u00e7\u00e3o, Jorge Carvalho.<\/p>\n<p style=\"text-align: justify;\"><b>Atribui\u00e7\u00f5es<\/b><\/p>\n<p style=\"text-align: justify;\">As 200 vagas ser\u00e3o preenchidas para contratos de trabalho com dura\u00e7\u00e3o de um ano, prorrog\u00e1vel por mais um. O edital especifica as atividades que ser\u00e3o desenvolvidas pelo merendeiro escolar que \u00e9 receber, diariamente, do respons\u00e1vel os g\u00eaneros aliment\u00edcios destinados ao preparo da merenda escolar; preparar alimentos, observando as normas de higiene e as t\u00e9cnicas de coc\u00e7\u00e3o, al\u00e9m de manter, sistematicamente, a organiza\u00e7\u00e3o, a higieniza\u00e7\u00e3o e a conserva\u00e7\u00e3o do material de cantina e dos locais destinado \u00e0 prepara\u00e7\u00e3o, \u00e0 estocagem e \u00e0 distribui\u00e7\u00e3o dos alimentos.<\/p>\n<p style=\"text-align: justify;\">O merendeiro escolar tamb\u00e9m ser\u00e1 respons\u00e1vel por estocar os g\u00eaneros aliment\u00edcios no dep\u00f3sito, observando normas e instru\u00e7\u00f5es recebidas; receber ou recolher lou\u00e7a e os talheres ap\u00f3s as refei\u00e7\u00f5es; lavar e guardar as lou\u00e7as, talheres e utens\u00edlios empregados no preparo de refei\u00e7\u00f5es; controlar o consumo de g\u00e1s; zelar pela seguran\u00e7a do ambiente para evitar acidentes, manter a ordem, a higiene e a seguran\u00e7a do ambiente de trabalho, observando as normas e as instru\u00e7\u00f5es para prevenir acidentes, entre outros.<\/p>\n<p style=\"text-align: justify;\"><strong>Acompanhe o SE Not\u00edcias no\u00a0<a href=\"https:\/\/twitter.com\/Senoticias\" target=\"_blank\">Twitter\u00a0<\/a>e no\u00a0<a href=\"https:\/\/www.facebook.com\/PortalSENoticias\" target=\"_blank\">Facebook<\/a><\/strong><\/p>\n<p style=\"text-align: justify;\"><strong><em>Ascom\/Seed<\/em><\/strong><\/p>\n<div>\n<div id=\":sy\" tabindex=\"0\" role=\"button\" data-tooltip=\"Mostrar conte\u00fado cortado\"><img decoding=\"async\" alt=\"\" src=\"https:\/\/ssl.gstatic.com\/ui\/v1\/icons\/mail\/images\/cleardot.gif\" \/><\/div>\n<\/div>\n","protected":false},"excerpt":{"rendered":"<p>Lan\u00e7ado no \u00faltimo m\u00eas de agosto, o Edital do Processo Seletivo Simplificado n\u00ba 06\/2015 (PSS), que visa a contrata\u00e7\u00e3o de 200 merendeiros escolares para a Rede Estadual de Ensino, teve seu Resultado Definitivo divulgado nesta quarta-feira, 30. As listas est\u00e3o divididas por Diretorias Regionais de Educa\u00e7\u00e3o (DREs), e pode ser visualizada\u00a0aqui. As convoca\u00e7\u00f5es acontecer\u00e3o logo [&hellip;]<\/p>\n","protected":false},"author":1,"featured_media":84463,"comment_status":"closed","ping_status":"closed","sticky":false,"template":"","format":"standard","meta":{"footnotes":""},"categories":[9,6],"tags":[],"class_list":{"0":"post-84462","1":"post","2":"type-post","3":"status-publish","4":"format-standard","5":"has-post-thumbnail","7":"category-concursos","8":"category-politica"},"_links":{"self":[{"href":"https:\/\/senoticias.com.br\/se\/wp-json\/wp\/v2\/posts\/84462"}],"collection":[{"href":"https:\/\/senoticias.com.br\/se\/wp-json\/wp\/v2\/posts"}],"about":[{"href":"https:\/\/senoticias.com.br\/se\/wp-json\/wp\/v2\/types\/post"}],"author":[{"embeddable":true,"href":"https:\/\/senoticias.com.br\/se\/wp-json\/wp\/v2\/users\/1"}],"replies":[{"embeddable":true,"href":"https:\/\/senoticias.com.br\/se\/wp-json\/wp\/v2\/comments?post=84462"}],"version-history":[{"count":0,"href":"https:\/\/senoticias.com.br\/se\/wp-json\/wp\/v2\/posts\/84462\/revisions"}],"wp:featuredmedia":[{"embeddable":true,"href":"https:\/\/senoticias.com.br\/se\/wp-json\/wp\/v2\/media\/84463"}],"wp:attachment":[{"href":"https:\/\/senoticias.com.br\/se\/wp-json\/wp\/v2\/media?parent=84462"}],"wp:term":[{"taxonomy":"category","embeddable":true,"href":"https:\/\/senoticias.com.br\/se\/wp-json\/wp\/v2\/categories?post=84462"},{"taxonomy":"post_tag","embeddable":true,"href":"https:\/\/senoticias.com.br\/se\/wp-json\/wp\/v2\/tags?post=84462"}],"curies":[{"name":"wp","href":"https:\/\/api.w.org\/{rel}","templated":true}]}}