{"id":84460,"date":"2015-09-30T12:20:21","date_gmt":"2015-09-30T15:20:21","guid":{"rendered":"http:\/\/senoticias.com.br\/se\/?p=84460"},"modified":"2015-09-30T19:59:17","modified_gmt":"2015-09-30T22:59:17","slug":"aracaju-e-a-decima-capital-mais-violenta-do-brasil-diz-pesquisa","status":"publish","type":"post","link":"https:\/\/senoticias.com.br\/se\/aracaju-e-a-decima-capital-mais-violenta-do-brasil-diz-pesquisa\/","title":{"rendered":"Aracaju \u00e9 a d\u00e9cima capital mais violenta do Brasil, aponta estudo"},"content":{"rendered":"<div id=\"attachment_84316\" style=\"width: 356px\" class=\"wp-caption alignright\"><a href=\"http:\/\/senoticias.com.br\/se\/wp-content\/uploads\/2015\/09\/1_news_66_209c3ae71000a80dd0225a62227d2895.gif\"><img loading=\"lazy\" decoding=\"async\" aria-describedby=\"caption-attachment-84316\" class=\"size-full wp-image-84316\" alt=\"Dados fazem parte de anu\u00e1rio do F\u00f3rum Brasileiro de Seguran\u00e7a P\u00fablica.(Foto: Reprodu\u00e7\u00e3o\/Net)\" src=\"http:\/\/senoticias.com.br\/se\/wp-content\/uploads\/2015\/09\/1_news_66_209c3ae71000a80dd0225a62227d2895.gif\" width=\"346\" height=\"210\" \/><\/a><p id=\"caption-attachment-84316\" class=\"wp-caption-text\">Dados fazem parte de anu\u00e1rio do F\u00f3rum Brasileiro de Seguran\u00e7a P\u00fablica.(Foto: Reprodu\u00e7\u00e3o\/Net)<\/p><\/div>\n<p style=\"text-align: justify;\">Uma pessoa \u00e9 assassinada a cada meia hora, em m\u00e9dia, nas capitais do pa\u00eds. \u00c9 o que mostram dados do F\u00f3rum Brasileiro de Seguran\u00e7a P\u00fablica referentes a 2014. Os n\u00fameros constam do 9\u00ba Anu\u00e1rio Brasileiro de Seguran\u00e7a P\u00fablica, que est\u00e1 em fase de conclus\u00e3o.<\/p>\n<p style=\"text-align: justify;\">De acordo com o anu\u00e1rio, houve 15.932 mortes decorrentes de crimes violentos intencionais (homic\u00eddios dolosos, les\u00f5es corporais seguidas de morte e latroc\u00ednios) nas 27 capitais no ano passado \u2013 o que equivale a uma v\u00edtima a cada 30 minutos aproximadamente.<\/p>\n<p style=\"text-align: justify;\">Juntas, as capitais registraram uma taxa m\u00e9dia de 33 mortes violentas a cada 100 mil habitantes em 2014. Fortaleza (CE) \u00e9 a que tem o maior \u00edndice (77,3) e S\u00e3o Paulo (SP), o menor (11,4).<\/p>\n<p style=\"text-align: justify;\">Para a Organiza\u00e7\u00e3o Mundial da Sa\u00fade (OMS), locais com \u00edndices iguais ou superiores a 10 s\u00e3o tidos como zonas end\u00eamicas de viol\u00eancia \u2013 todas as capitais podem ser inclu\u00eddas nessa classifica\u00e7\u00e3o.<\/p>\n<p style=\"text-align: justify;\">A diretora-executiva do F\u00f3rum Brasileiro de Seguran\u00e7a P\u00fablica, Samira Bueno, diz que o quadro \u00e9 bastante preocupante. \u201cOs dados revelam as dificuldades encontradas no enfrentamento da viol\u00eancia letal nos grandes centros urbanos.\u201d<\/p>\n<p style=\"text-align: justify;\">Ela ressalta, no entanto, que h\u00e1 disparidades regionais. \u201cO Brasil tem experi\u00eancias de sucesso, como S\u00e3o Paulo, que desde o in\u00edcio dos anos 2000 tem apresentado uma redu\u00e7\u00e3o expressiva das taxas de homic\u00eddio, o Rio de Janeiro, com as UPPs, e Pernambuco, por exemplo. S\u00f3 que essas experi\u00eancias localizadas acabam anuladas pelo aumento em outras.&#8221;<\/p>\n<p style=\"text-align: justify;\">&#8220;Fortaleza \u00e9 um exemplo de um quadro muito grave de viol\u00eancia, que infelizmente a gente n\u00e3o tem tido sucesso em enfrentar. A taxa permanece praticamente id\u00eantica ao longo dos anos e elevada\u201d, afirma Samira.<\/p>\n<p style=\"text-align: justify;\">A Secretaria da Seguran\u00e7a P\u00fablica e Defesa Social do Cear\u00e1, informa, por meio de nota, que conseguiu parar a curva de crescimento de crimes violentos no estado, como homic\u00eddios, latroc\u00ednios e les\u00f5es corporais seguidas de morte, neste ano. A mudan\u00e7a ocorreu devido ao Programa em Defesa da Vida, segundo a secretaria.<\/p>\n<p style=\"text-align: justify;\">&#8220;A consolida\u00e7\u00e3o do Programa no in\u00edcio de 2015 possibilitou que, no acumulado dos oito primeiros meses deste ano, Fortaleza registre queda [nos crimes violentos] de 19,3%, passando de 1.372 casos, em 2014, para 1.107 em 2015. S\u00e3o 265 \u00f3bitos a menos no per\u00edodo&#8221;, diz a nota. &#8220;A queda \u00e9 resultado da integra\u00e7\u00e3o entre as for\u00e7as de seguran\u00e7a [&#8230;]; do trabalho das pol\u00edcias focado nas \u00e1reas, hor\u00e1rios e dias que apresentam maiores taxas de crimes, com base em an\u00e1lises estat\u00edsticas e criminais; dos levantamentos realizados pelas \u00e1reas de intelig\u00eancia; da interioriza\u00e7\u00e3o de servi\u00e7os especializados das pol\u00edcias; entre outras iniciativas.&#8221;<\/p>\n<p style=\"text-align: justify;\">\u00c9 a primeira vez que o f\u00f3rum realiza um levantamento focado nas capitais brasileiras. Os dados foram obtidos por meio de solicita\u00e7\u00f5es \u00e0s secretariais estaduais da Seguran\u00e7a P\u00fablica com base na Lei de Acesso \u00e0 Informa\u00e7\u00e3o e por meio de cruzamento de informa\u00e7\u00f5es disponibilizadas pelos \u00f3rg\u00e3os na web.<\/p>\n<p style=\"text-align: justify;\"><strong>Homic\u00eddios, les\u00f5es e latroc\u00ednios<br \/>\n<\/strong><br \/>\nFortaleza aparece no topo do ranking de crimes violentos em raz\u00e3o principalmente do n\u00famero de homic\u00eddios. A cidade tem o maior n\u00famero absoluto de assassinatos do pa\u00eds (1.930) e, consequentemente, a maior taxa (75 a cada 100 mil).<\/p>\n<p style=\"text-align: justify;\">J\u00e1 S\u00e3o Lu\u00eds (MA) \u00e9 a capital com o maior n\u00famero absoluto de les\u00f5es corporais seguidas de morte (35) e, por isso, det\u00e9m tamb\u00e9m a maior taxa (3,3 a cada 100 mil).<\/p>\n<p style=\"text-align: justify;\">Aracaju (SE) aparece na primeira posi\u00e7\u00e3o com rela\u00e7\u00e3o aos latroc\u00ednios (os roubos seguidos de morte). A cidade tem um \u00edndice de 5,3 mortes a cada 100 mil habitantes.<\/p>\n<p style=\"text-align: justify;\">Campo Grande (MS) \u00e9 a capital com a maior varia\u00e7\u00e3o na taxa de crimes violentos intencionais de 2013 para 2014: 36,5% de aumento. A cidade, no entanto, ainda possui o quarto menor \u00edndice do pa\u00eds.<\/p>\n<p style=\"text-align: justify;\">Procurada, a Prefeitura de Campo Grande afirmou que quem deve falar sobre a quest\u00e3o \u00e9 o governo do estado.<\/p>\n<p style=\"text-align: justify;\">As secretarias de Seguran\u00e7a P\u00fablica do Maranh\u00e3o, Sergipe e Mato Grosso do Sul foram procuradas pelo\u00a0<strong>G1<\/strong>\u00a0para comentar os dados, mas ainda n\u00e3o responderam.<\/p>\n<p style=\"text-align: justify;\"><strong>Gastos com seguran\u00e7a<br \/>\n<\/strong><br \/>\nO anu\u00e1rio mostra que, apesar da crise, os estados t\u00eam investido mais em seguran\u00e7a. Foram R$ 67,3 bilh\u00f5es em 2014 \u2013 um aumento de 17% em rela\u00e7\u00e3o a 2013, quando a despesa com a \u00e1rea chegou a R$ 57,5 bilh\u00f5es.<\/p>\n<p style=\"text-align: justify;\">Os munic\u00edpios, somados, tamb\u00e9m gastaram R$ 3,9 bilh\u00f5es com seguran\u00e7a no ano passado.<\/p>\n<p style=\"text-align: justify;\">&#8220;\u00c9 preciso ressaltar que foi um ano eleitoral e \u00e9 natural que os governantes queiram mostrar servi\u00e7o, mas houve, sim, um aumento expressivo no gasto, inclusive com a crise econ\u00f4mica. S\u00f3 que n\u00e3o h\u00e1 nenhum estudo que mostre uma correla\u00e7\u00e3o direta entre aumento de despesas e redu\u00e7\u00e3o de crimes contra a vida. E o Brasil \u00e9 o grande exemplo disso, pois gasta o equivalente ao que Alemanha, Fran\u00e7a e outros pa\u00edses desenvolvidos gastam com seguran\u00e7a p\u00fablica, e esse gasto n\u00e3o tem se traduzido em efici\u00eancia da pol\u00edtica p\u00fablica, em melhoria\u201d, afirma Samira Bueno.<\/p>\n<p style=\"text-align: justify;\">Os dados mostram exatamente isso: a taxa de mortes a cada 100 mil nas capitais se manteve est\u00e1vel em compara\u00e7\u00e3o a 2013 \u2013 ano com um n\u00famero de crimes violentos menor, mas pr\u00f3ximo (15.804).<\/p>\n<p style=\"text-align: justify;\">O estado que mais investiu em policiamento, informa\u00e7\u00e3o e intelig\u00eancia e em Defesa Civil foi S\u00e3o Paulo: R$ 10,3 bilh\u00f5es. J\u00e1 o Acre foi o estado com o maior gasto per capita: R$ 568,88 por habitante.<\/p>\n<p style=\"text-align: justify;\">Apenas tr\u00eas unidades da federa\u00e7\u00e3o diminu\u00edram a verba destinada \u00e0 seguran\u00e7a em um ano: Mato Grosso, Piau\u00ed e Tocantins. O Piau\u00ed \u00e9 o que tem o menor gasto do Brasil, tanto absoluto (R$ 59 milh\u00f5es) quanto per capita, de R$ 18,48 \u2013 muito abaixo da m\u00e9dia nacional (R$ 332,21). \u201cTrata-se de um padr\u00e3o de gasto muito baixo e que tem apresentado um decr\u00e9scimo. Neste caso, \u00e9 claro que a \u00e1rea precisa de mais recursos&#8221;, afirma a diretora-executiva do F\u00f3rum Brasileiro de Seguran\u00e7a P\u00fablica.<\/p>\n<p style=\"text-align: justify;\">&#8220;O problema \u00e9 quando se tem muito e o dinheiro \u00e9 mal gerido. Mas h\u00e1 tamb\u00e9m a quest\u00e3o do modelo de seguran\u00e7a p\u00fablica. H\u00e1 duas pol\u00edcias que n\u00e3o t\u00eam ciclo completo, que n\u00e3o dialogam no \u00e2mbito estadual, que deviam compartilhar informa\u00e7\u00f5es, mas n\u00e3o o fazem, que n\u00e3o trabalham, em geral, de forma integrada. \u00c9 um modelo dispendioso&#8221;, diz Samira.<\/p>\n<p style=\"text-align: justify;\">A Uni\u00e3o tamb\u00e9m colocou menos dinheiro no setor no ano passado. Foram R$ 8,1 bilh\u00f5es \u2013 contra R$ 8,3 bilh\u00f5es em 2013.<\/p>\n<p style=\"text-align: justify;\"><strong>Acompanhe o SE Not\u00edcias no\u00a0<a href=\"https:\/\/twitter.com\/Senoticias\" target=\"_blank\">Twitter\u00a0<\/a>e no\u00a0<a href=\"https:\/\/www.facebook.com\/PortalSENoticias\" target=\"_blank\">Facebook<\/a><\/strong><\/p>\n<p style=\"text-align: justify;\"><em><strong>Thiago Reis,\u00a0Do G1, em S\u00e3o Paulo<\/strong><\/em><\/p>\n","protected":false},"excerpt":{"rendered":"<p>Uma pessoa \u00e9 assassinada a cada meia hora, em m\u00e9dia, nas capitais do pa\u00eds. \u00c9 o que mostram dados do F\u00f3rum Brasileiro de Seguran\u00e7a P\u00fablica referentes a 2014. Os n\u00fameros constam do 9\u00ba Anu\u00e1rio Brasileiro de Seguran\u00e7a P\u00fablica, que est\u00e1 em fase de conclus\u00e3o. De acordo com o anu\u00e1rio, houve 15.932 mortes decorrentes de crimes [&hellip;]<\/p>\n","protected":false},"author":1,"featured_media":84316,"comment_status":"closed","ping_status":"closed","sticky":false,"template":"","format":"standard","meta":{"footnotes":""},"categories":[6],"tags":[],"class_list":{"0":"post-84460","1":"post","2":"type-post","3":"status-publish","4":"format-standard","5":"has-post-thumbnail","7":"category-politica"},"_links":{"self":[{"href":"https:\/\/senoticias.com.br\/se\/wp-json\/wp\/v2\/posts\/84460"}],"collection":[{"href":"https:\/\/senoticias.com.br\/se\/wp-json\/wp\/v2\/posts"}],"about":[{"href":"https:\/\/senoticias.com.br\/se\/wp-json\/wp\/v2\/types\/post"}],"author":[{"embeddable":true,"href":"https:\/\/senoticias.com.br\/se\/wp-json\/wp\/v2\/users\/1"}],"replies":[{"embeddable":true,"href":"https:\/\/senoticias.com.br\/se\/wp-json\/wp\/v2\/comments?post=84460"}],"version-history":[{"count":0,"href":"https:\/\/senoticias.com.br\/se\/wp-json\/wp\/v2\/posts\/84460\/revisions"}],"wp:featuredmedia":[{"embeddable":true,"href":"https:\/\/senoticias.com.br\/se\/wp-json\/wp\/v2\/media\/84316"}],"wp:attachment":[{"href":"https:\/\/senoticias.com.br\/se\/wp-json\/wp\/v2\/media?parent=84460"}],"wp:term":[{"taxonomy":"category","embeddable":true,"href":"https:\/\/senoticias.com.br\/se\/wp-json\/wp\/v2\/categories?post=84460"},{"taxonomy":"post_tag","embeddable":true,"href":"https:\/\/senoticias.com.br\/se\/wp-json\/wp\/v2\/tags?post=84460"}],"curies":[{"name":"wp","href":"https:\/\/api.w.org\/{rel}","templated":true}]}}