{"id":84457,"date":"2015-09-30T11:58:35","date_gmt":"2015-09-30T14:58:35","guid":{"rendered":"http:\/\/senoticias.com.br\/se\/?p=84457"},"modified":"2015-09-30T23:26:50","modified_gmt":"2015-10-01T02:26:50","slug":"sergipe-convidado-a-sediar-convencao-para-5-mil-lojistas","status":"publish","type":"post","link":"https:\/\/senoticias.com.br\/se\/sergipe-convidado-a-sediar-convencao-para-5-mil-lojistas\/","title":{"rendered":"Sergipe convidado a sediar conven\u00e7\u00e3o para 5 mil lojistas"},"content":{"rendered":"<p align=\"center\"><b>\u00a0<\/b><\/p>\n<p style=\"text-align: justify;\">\u00a0\u00a0\u00a0\u00a0\u00a0\u00a0\u00a0\u00a0\u00a0O maior encontro do varejo brasileiro \u2013 a Conven\u00e7\u00e3o Nacional Lojista \u2013 pode ser realizado no pr\u00f3ximo ano em Sergipe, pelo menos no que depender da Confedera\u00e7\u00e3o Nacional dos Dirigentes Lojistas (CNDL).<\/p>\n<p>\u00a0\u00a0\u00a0\u00a0\u00a0\u00a0\u00a0\u00a0\u00a0O evento re\u00fane nada menos do que um p\u00fablico estimado entre 4,5 a 5 mil pessoas do pa\u00eds, al\u00e9m das FCDLs e CDLs do Brasil.<\/p>\n<p style=\"text-align: justify;\">\u00a0\u00a0\u00a0\u00a0\u00a0\u00a0\u00a0\u00a0\u00a0Datado de 15 de setembro de 2015, o of\u00edcio assinado pelo presidente da CNDL, Hon\u00f3rio Pinheiro, endere\u00e7ado ao presidente da FCDL\/Sergipe, Edivaldo Cunha, traz explicitamente o convite para que Sergipe sedie a 55\u00aa Conven\u00e7\u00e3o Nacional do Com\u00e9rcio Lojista.<\/p>\n<p style=\"text-align: justify;\">\u00a0\u00a0\u00a0\u00a0\u00a0\u00a0\u00a0\u00a0\u00a0\u201cLevando em conta o grande potencial revelado pelas condi\u00e7\u00f5es de infraestrutura de seu estado, solicitamos o interesse dessa Federa\u00e7\u00e3o (Sergipe) em sediar a 55\u00aa Conven\u00e7\u00e3o Nacional do Com\u00e9rcio Lojista\u201d, ratifica Hon\u00f3rio Pinheiro, por meio do of\u00edcio CNDL\/DF\/GER n\u00ba 134\/2015.<\/p>\n<p style=\"text-align: justify;\">\u00a0\u00a0\u00a0\u00a0\u00a0\u00a0\u00a0\u00a0\u00a0Para Edivaldo Cunha, que preside a FCDL sergipana e tem 19 CDLs associadas no Estado, \u201c\u00e9 uma honra e um reconhecimento por parte da CNDL ao propor que Sergipe sedie t\u00e3o magn\u00e2nimo evento, especialmente diante n\u00e3o s\u00f3 dos debates sobre o varejo brasileiro, mas pela presen\u00e7a massiva de quase 5 mil lojistas do Brasil em nosso Estado\u201d.<\/p>\n<p style=\"text-align: justify;\">\u00a0\u00a0\u00a0\u00a0\u00a0\u00a0\u00a0\u00a0\u00a0<b>Apoios Necess\u00e1rios<\/b>\u00a0&#8211; Al\u00e9m de remeter os requisitos b\u00e1sicos que norteiam a realiza\u00e7\u00e3o de uma Conven\u00e7\u00e3o deste porte em qualquer estado brasileiro, a CNDL estipula prazos para que Sergipe emita seu parecer ao convite, destacando ter \u201cchegado \u00e0 conclus\u00e3o que devemos organizar um evento no mesmo modelo da Conven\u00e7\u00e3o anterior\u201d, que teve a participa\u00e7\u00e3o de milhares de comerciantes do pa\u00eds.<\/p>\n<h2><strong>\u00a0<\/strong><\/h2>\n<div id=\"attachment_84458\" style=\"width: 608px\" class=\"wp-caption aligncenter\"><a href=\"http:\/\/senoticias.com.br\/se\/wp-content\/uploads\/2015\/09\/Edivaldo-Cunha-1-e1443625247256.jpg\"><img loading=\"lazy\" decoding=\"async\" aria-describedby=\"caption-attachment-84458\" class=\"size-full wp-image-84458\" alt=\"Edivaldo Cunha, preside a FCDL sergipana e tem 19 CDLs associadas no Estado. (Foto: FCDL\/SE)\" src=\"http:\/\/senoticias.com.br\/se\/wp-content\/uploads\/2015\/09\/Edivaldo-Cunha-1-e1443625247256.jpg\" width=\"598\" height=\"449\" \/><\/a><p id=\"caption-attachment-84458\" class=\"wp-caption-text\">Edivaldo Cunha, preside a FCDL sergipana e tem 19 CDLs associadas no Estado. (Foto: FCDL\/SE)<\/p><\/div>\n<p style=\"text-align: justify;\">\u00a0\u00a0\u00a0\u00a0\u00a0\u00a0\u00a0\u00a0\u00a0\u201cVamos reunir toda nossa diretoria, nossas parceiras que s\u00e3o as CDLs sergipanas e iremos buscar apoios, como \u00e9 o caso do Governo do Estado, Sebrae, Prefeitura de Aracaju, institui\u00e7\u00f5es banc\u00e1rias, o Trade Tur\u00edstico, enfim, todos que possam viabilizar conosco essa possibilidade de organizarmos o mais importante evento do logismo brasileiro\u201d, concluiu Edivaldo Cunha.<\/p>\n<h2><strong>Acompanhe o SE Not\u00edcias no\u00a0<a href=\"https:\/\/twitter.com\/Senoticias\" target=\"_blank\">Twitter\u00a0<\/a>e no\u00a0<a href=\"https:\/\/www.facebook.com\/PortalSENoticias\" target=\"_blank\">Facebook<\/a><\/strong><\/h2>\n<p>Ascom\/CDL<\/p>\n","protected":false},"excerpt":{"rendered":"<p>\u00a0 \u00a0\u00a0\u00a0\u00a0\u00a0\u00a0\u00a0\u00a0\u00a0O maior encontro do varejo brasileiro \u2013 a Conven\u00e7\u00e3o Nacional Lojista \u2013 pode ser realizado no pr\u00f3ximo ano em Sergipe, pelo menos no que depender da Confedera\u00e7\u00e3o Nacional dos Dirigentes Lojistas (CNDL). \u00a0\u00a0\u00a0\u00a0\u00a0\u00a0\u00a0\u00a0\u00a0O evento re\u00fane nada menos do que um p\u00fablico estimado entre 4,5 a 5 mil pessoas do pa\u00eds, al\u00e9m das FCDLs e [&hellip;]<\/p>\n","protected":false},"author":1,"featured_media":84458,"comment_status":"closed","ping_status":"closed","sticky":false,"template":"","format":"standard","meta":{"footnotes":""},"categories":[6],"tags":[],"class_list":{"0":"post-84457","1":"post","2":"type-post","3":"status-publish","4":"format-standard","5":"has-post-thumbnail","7":"category-politica"},"_links":{"self":[{"href":"https:\/\/senoticias.com.br\/se\/wp-json\/wp\/v2\/posts\/84457"}],"collection":[{"href":"https:\/\/senoticias.com.br\/se\/wp-json\/wp\/v2\/posts"}],"about":[{"href":"https:\/\/senoticias.com.br\/se\/wp-json\/wp\/v2\/types\/post"}],"author":[{"embeddable":true,"href":"https:\/\/senoticias.com.br\/se\/wp-json\/wp\/v2\/users\/1"}],"replies":[{"embeddable":true,"href":"https:\/\/senoticias.com.br\/se\/wp-json\/wp\/v2\/comments?post=84457"}],"version-history":[{"count":0,"href":"https:\/\/senoticias.com.br\/se\/wp-json\/wp\/v2\/posts\/84457\/revisions"}],"wp:featuredmedia":[{"embeddable":true,"href":"https:\/\/senoticias.com.br\/se\/wp-json\/wp\/v2\/media\/84458"}],"wp:attachment":[{"href":"https:\/\/senoticias.com.br\/se\/wp-json\/wp\/v2\/media?parent=84457"}],"wp:term":[{"taxonomy":"category","embeddable":true,"href":"https:\/\/senoticias.com.br\/se\/wp-json\/wp\/v2\/categories?post=84457"},{"taxonomy":"post_tag","embeddable":true,"href":"https:\/\/senoticias.com.br\/se\/wp-json\/wp\/v2\/tags?post=84457"}],"curies":[{"name":"wp","href":"https:\/\/api.w.org\/{rel}","templated":true}]}}