{"id":84447,"date":"2015-09-29T21:23:23","date_gmt":"2015-09-30T00:23:23","guid":{"rendered":"http:\/\/senoticias.com.br\/se\/?p=84447"},"modified":"2015-09-30T15:56:29","modified_gmt":"2015-09-30T18:56:29","slug":"servidores-da-emurb-e-emsurb-ameacam-paralisar-atividades-caso-salario-nao-seja-pago-ate-5o-dia-util","status":"publish","type":"post","link":"https:\/\/senoticias.com.br\/se\/servidores-da-emurb-e-emsurb-ameacam-paralisar-atividades-caso-salario-nao-seja-pago-ate-5o-dia-util\/","title":{"rendered":"Servidores da Emurb e Emsurb amea\u00e7am paralisar atividades na pr\u00f3xima semana"},"content":{"rendered":"<p style=\"text-align: justify;\">Mais uma vez a Prefeitura Municipal de Aracaju anuncia o pagamento do sal\u00e1rio dos servidores de forma seletiva. Nesta quarta-feira, dia 30, recebem os estatut\u00e1rios,\u00a0ativos da Educa\u00e7\u00e3o, aposentados e pensionistas da administra\u00e7\u00e3o geral e os servidores da Sa\u00fade receber\u00e3o na sexta-feira, dia 2 de outubro. E como vem sendo praxe nos \u00faltimos meses os empregados CLT das empresas ficaram sem uma data especifica de pagamento, podendo receber at\u00e9 o dia 10.<\/p>\n<div id=\"attachment_84470\" style=\"width: 608px\" class=\"wp-caption aligncenter\"><a href=\"http:\/\/senoticias.com.br\/se\/wp-content\/uploads\/2015\/09\/grande-claudio_leite_120215-e1443637445772.jpg\"><img loading=\"lazy\" decoding=\"async\" aria-describedby=\"caption-attachment-84470\" class=\"size-full wp-image-84470\" alt=\"Cl\u00e1udio Leite: paralisa\u00e7\u00e3o a partir da pr\u00f3xima semana (Foto: Arquivo Portal Infonet)\" src=\"http:\/\/senoticias.com.br\/se\/wp-content\/uploads\/2015\/09\/grande-claudio_leite_120215-e1443637445772.jpg\" width=\"598\" height=\"397\" \/><\/a><p id=\"caption-attachment-84470\" class=\"wp-caption-text\">Cl\u00e1udio Leite: paralisa\u00e7\u00e3o a partir da pr\u00f3xima semana (Foto: Arquivo Portal Infonet)<\/p><\/div>\n<p style=\"text-align: justify;\">No m\u00eas de agosto, desrespeitando at\u00e9 mesmo o que determina a legisla\u00e7\u00e3o trabalhista, a Emurb (Empresa Municipal de Obras e Urbaniza\u00e7\u00e3o) e a Emsurb (Empresa Municipal de Servi\u00e7os Urbanos) efetuaram o cr\u00e9dito dos sal\u00e1rios dos seus empregados CLT ap\u00f3s o\u00a0<b>5\u00ba dia \u00fatil<\/b>. E o que pior, at\u00e9 mesmo o vale transporte, vem sendo pago foram do prazo legal.<\/p>\n<p style=\"text-align: justify;\">Sem falar do vale alimenta\u00e7\u00e3o das empresas,\u00a0tamb\u00e9m pagos fora do prazo.\u00a0\u00a0No caso da Emurb um fato \u00e9 mais grave ainda. As pens\u00f5es judiciais foram depositadas no dia 15 de setembro deste m\u00eas, colocando em risco a integridade dos empregados, sob a amea\u00e7a de serem presos devido \u00e0 insatisfa\u00e7\u00e3o das ex-companheiras.<\/p>\n<p style=\"text-align: justify;\">Segundo o presidente do Sindicato dos Empregados da Administra\u00e7\u00e3o Indireta do Munic\u00edpio de Aracaju (Seame), Claudio Leite, diante deste quadro os empregados CLT da Emurb e Emsurb reiteram o posicionamento tomado nos meses anteriores, que \u00e9 o de paralisar as atividades se o pagamento dos sal\u00e1rios, vale transporte e vale alimenta\u00e7\u00e3o, n\u00e3o for efetuado no quinto dia \u00fatil, como manda\u00a0\u00a0a lei.<\/p>\n<p style=\"text-align: justify;\">Com isso automaticamente servi\u00e7os da Emurb como tapa-buraco, rodando no macio, drenagem, terraplanagem, manuten\u00e7\u00e3o de pr\u00e9dios; e na Emsurb podem ficar comprometidos os trabalhos de fiscaliza\u00e7\u00e3o, abertura dos mercados, concluiu o sindicalista.<\/p>\n<p style=\"text-align: justify;\"><strong>Acompanhe o SE Not\u00edcias no\u00a0<a href=\"https:\/\/twitter.com\/Senoticias\" target=\"_blank\">Twitter\u00a0<\/a>e no\u00a0<a href=\"https:\/\/www.facebook.com\/PortalSENoticias\" target=\"_blank\">Facebook<\/a><\/strong><\/p>\n<p style=\"text-align: justify;\"><strong><em>Da Assessoria de Imprensa\/Seame<\/em><\/strong><\/p>\n","protected":false},"excerpt":{"rendered":"<p>Mais uma vez a Prefeitura Municipal de Aracaju anuncia o pagamento do sal\u00e1rio dos servidores de forma seletiva. Nesta quarta-feira, dia 30, recebem os estatut\u00e1rios,\u00a0ativos da Educa\u00e7\u00e3o, aposentados e pensionistas da administra\u00e7\u00e3o geral e os servidores da Sa\u00fade receber\u00e3o na sexta-feira, dia 2 de outubro. E como vem sendo praxe nos \u00faltimos meses os empregados [&hellip;]<\/p>\n","protected":false},"author":1,"featured_media":84470,"comment_status":"closed","ping_status":"closed","sticky":false,"template":"","format":"standard","meta":{"footnotes":""},"categories":[6,1],"tags":[],"class_list":{"0":"post-84447","1":"post","2":"type-post","3":"status-publish","4":"format-standard","5":"has-post-thumbnail","7":"category-politica","8":"category-sem-categoria"},"_links":{"self":[{"href":"https:\/\/senoticias.com.br\/se\/wp-json\/wp\/v2\/posts\/84447"}],"collection":[{"href":"https:\/\/senoticias.com.br\/se\/wp-json\/wp\/v2\/posts"}],"about":[{"href":"https:\/\/senoticias.com.br\/se\/wp-json\/wp\/v2\/types\/post"}],"author":[{"embeddable":true,"href":"https:\/\/senoticias.com.br\/se\/wp-json\/wp\/v2\/users\/1"}],"replies":[{"embeddable":true,"href":"https:\/\/senoticias.com.br\/se\/wp-json\/wp\/v2\/comments?post=84447"}],"version-history":[{"count":0,"href":"https:\/\/senoticias.com.br\/se\/wp-json\/wp\/v2\/posts\/84447\/revisions"}],"wp:featuredmedia":[{"embeddable":true,"href":"https:\/\/senoticias.com.br\/se\/wp-json\/wp\/v2\/media\/84470"}],"wp:attachment":[{"href":"https:\/\/senoticias.com.br\/se\/wp-json\/wp\/v2\/media?parent=84447"}],"wp:term":[{"taxonomy":"category","embeddable":true,"href":"https:\/\/senoticias.com.br\/se\/wp-json\/wp\/v2\/categories?post=84447"},{"taxonomy":"post_tag","embeddable":true,"href":"https:\/\/senoticias.com.br\/se\/wp-json\/wp\/v2\/tags?post=84447"}],"curies":[{"name":"wp","href":"https:\/\/api.w.org\/{rel}","templated":true}]}}