{"id":84444,"date":"2015-09-29T18:19:04","date_gmt":"2015-09-29T21:19:04","guid":{"rendered":"http:\/\/senoticias.com.br\/se\/?p=84444"},"modified":"2015-09-29T21:05:59","modified_gmt":"2015-09-30T00:05:59","slug":"cadeia-publica-de-areia-branca-sera-concluida-em-dezembro","status":"publish","type":"post","link":"https:\/\/senoticias.com.br\/se\/cadeia-publica-de-areia-branca-sera-concluida-em-dezembro\/","title":{"rendered":"Cadeia P\u00fablica de Areia Branca ser\u00e1 conclu\u00edda em dezembro"},"content":{"rendered":"<p style=\"text-align: justify;\">O Governo de Sergipe, por meio da Secretaria de Estado da Infraestrutura e do Desenvolvimento Urbano (Seinfra), est\u00e1 concluindo as obras da cadeia p\u00fablica de Areia Branca, a 36 km de Aracaju. A mais nova unidade prisional do estado recebeu R$ 8.419.183,03 em investimentos, provenientes do Minist\u00e9rio da Justi\u00e7a, atrav\u00e9s do Fundo Penitenci\u00e1rio Nacional (Fupen) e est\u00e1 situada \u00e0s margens da BR-235 e vizinha ao Centro Estadual de Reintegra\u00e7\u00e3o Social I e II (Cersab).<\/p>\n<div id=\"attachment_84446\" style=\"width: 608px\" class=\"wp-caption aligncenter\"><a href=\"http:\/\/senoticias.com.br\/se\/wp-content\/uploads\/2015\/09\/cadeia-e1443571466582.jpg\"><img loading=\"lazy\" decoding=\"async\" aria-describedby=\"caption-attachment-84446\" class=\"size-full wp-image-84446\" alt=\"O Governo do Estado em parceria com o Governo Federal est\u00e1 investindo quase R$ 8,5 milh\u00f5es na constru\u00e7\u00e3o da nova unidade prisional. (Foto: Ascom\/Seinfra)\" src=\"http:\/\/senoticias.com.br\/se\/wp-content\/uploads\/2015\/09\/cadeia-e1443571466582.jpg\" width=\"598\" height=\"397\" \/><\/a><p id=\"caption-attachment-84446\" class=\"wp-caption-text\">O Governo do Estado em parceria com o Governo Federal est\u00e1 investindo quase R$ 8,5 milh\u00f5es na constru\u00e7\u00e3o da nova unidade prisional. (Foto: Ascom\/Seinfra)<\/p><\/div>\n<p style=\"text-align: justify;\">De acordo com o secret\u00e1rio de Estado da Infraestrutura e do Desenvolvimento Urbano, Valmor Barbosa, os servi\u00e7os est\u00e3o sendo finalizados. \u201cA obra j\u00e1 est\u00e1 praticamente pronta. Diariamente, 53 funcion\u00e1rios trabalham em seu est\u00e1gio final, que compreende a terraplenagem da \u00e1rea em frente a fachada onde ser\u00e1 constru\u00eddo o estacionamento, assentamento de lou\u00e7as e metais em todas as depend\u00eancias, bem como o assentamento das esquadrias de ferro nos pavilh\u00f5es e do restante das concertinas, o que corresponde a 90% da obra\u201d, explica.<\/p>\n<p style=\"text-align: justify;\">Ele acrescenta que o Estado ter\u00e1 uma das cadeias mais seguras. \u201cAo final destes servi\u00e7os ser\u00e1 feito o rejunte no piso e nas paredes e, posteriormente, a \u00faltima dem\u00e3o de pintura, ficando apta para ser entregue \u00e0 Secretaria de Justi\u00e7a que administrar\u00e1 uma unidade prisional cujas instala\u00e7\u00f5es al\u00e9m de atenderem os padr\u00f5es de seguran\u00e7a exigidos, asseguram os direitos e a integridade dos seus internos\u201d, frisa.<\/p>\n<p><strong>A cadeia<\/strong><\/p>\n<p style=\"text-align: justify;\">Dividida em tr\u00eas m\u00f3dulos (A, B e C), a cadeia possui 5.546 m\u00b2 de \u00e1rea constru\u00edda, num total de 15.757 m\u00b2 e, uma vez conclu\u00edda ter\u00e1 capacidade para 390 presos que l\u00e1 aguardar\u00e3o as senten\u00e7as judiciais e s\u00f3 ent\u00e3o ser\u00e3o encaminhados aos pres\u00eddios, diminuindo assim a quantidade de infratores lotados em outras unidades e delegacias do estado.<\/p>\n<p style=\"text-align: justify;\">Em toda a unidade foi aplicado piso de alta resist\u00eancia, cer\u00e2mica nas paredes da cozinha, depend\u00eancias e refeit\u00f3rios. As paredes foram constru\u00eddas em bloco estrutural de cimento argamassado em grout.<\/p>\n<p style=\"text-align: justify;\">O ambiente externo ter\u00e1 uma guarita de acesso e tr\u00eas guaritas para monitoramento de 7 metros de altura, uma situada ao fundo e as demais nas laterais, \u00e1rea para a circula\u00e7\u00e3o das viaturas em pavimenta\u00e7\u00e3o asf\u00e1ltica no entorno, estacionamento com capacidade para 50 ve\u00edculos, sendo oito destinados a idosos e pessoas com dificuldade de locomo\u00e7\u00e3o e uma cerca com alambrado de cinco metros de altura na parte frontal da edifica\u00e7\u00e3o.<br \/>\nA fim de que o espa\u00e7o da cadeia se torne mais leve e humanizado, o projeto paisag\u00edstico contempla a aplica\u00e7\u00e3o de grama verde-esmeralda e ser\u00e3o plantadas 45 mudas de \u00e1rvores nativas da regi\u00e3o. A ilumina\u00e7\u00e3o \u00e9 composta por 10 postes com cinco refletores e seis postes com lumin\u00e1rias de quatro p\u00e9talas, al\u00e9m de um espa\u00e7o destinado ao gerador de energia.<\/p>\n<p style=\"text-align: justify;\">O sistema de esgotamento sanit\u00e1rio \u00e9 composto por quatro sumidouros e duas fossas DAFA. Para suprir o abastecimento de \u00e1gua da unidade prisional, foram constru\u00eddos um reservat\u00f3rio elevado com capacidade para 50 mil litros e outro semienterrado com o dobro do volume de armazenamento.<\/p>\n<p><strong>Os m\u00f3dulos<\/strong><\/p>\n<p style=\"text-align: justify;\">No primeiro m\u00f3dulo (A) funcionar\u00e1 a parte administrativa, composta por recep\u00e7\u00e3o, jardim de inverno com pergolado em concreto, salas de diretoria, reuni\u00e3o, al\u00e9m das depend\u00eancias essenciais, a exemplo de copa\/cozinha, refeit\u00f3rio, Wc\u2019s, almoxarifado e alojamento para os agentes de ambos os sexos.<\/p>\n<p style=\"text-align: justify;\">Os m\u00f3dulos B e C ser\u00e3o destinados aos prisioneiros, cada um deles possui quatro celas com capacidade para 24 detentos, tr\u00eas celas exclusivas para idosos e portadores de necessidades especiais com seis vagas, nove celas individuais e duas su\u00edtes para visitas \u00edntimas. As camas das celas compartilhadas s\u00e3o no formato beliche e constru\u00eddas em concreto armado.<\/p>\n<p style=\"text-align: justify;\">Completa ainda a estrutura, dois postos de enfermagem com farm\u00e1cia, duas lavanderias, duas \u00e1reas para banho de sol e espa\u00e7o de lazer com sala reservada e mesas e bancos de concreto, al\u00e9m de um local exclusivo onde os presos poder\u00e3o fazer a barba e cortar o cabelo. A fim de que a cadeia dique mais arejada, o sistema de ilumina\u00e7\u00e3o foi projetado para aproveitar a luz do sol e, em quase todos os ambientes existem janelas gradeadas que facilitar\u00e3o a entrada de ventila\u00e7\u00e3o.<\/p>\n<p style=\"text-align: justify;\"><strong>Acompanhe o SE Not\u00edcias no\u00a0<a href=\"https:\/\/twitter.com\/Senoticias\" target=\"_blank\">Twitter\u00a0<\/a>e no\u00a0<a href=\"https:\/\/www.facebook.com\/PortalSENoticias\" target=\"_blank\">Facebook<\/a><\/strong><\/p>\n<p><strong><em>Secretaria de Estado da Comunica\u00e7\u00e3o Social<\/em><\/strong><br \/>\n<strong><em> Governo de Sergipe<\/em><\/strong><\/p>\n","protected":false},"excerpt":{"rendered":"<p>O Governo de Sergipe, por meio da Secretaria de Estado da Infraestrutura e do Desenvolvimento Urbano (Seinfra), est\u00e1 concluindo as obras da cadeia p\u00fablica de Areia Branca, a 36 km de Aracaju. A mais nova unidade prisional do estado recebeu R$ 8.419.183,03 em investimentos, provenientes do Minist\u00e9rio da Justi\u00e7a, atrav\u00e9s do Fundo Penitenci\u00e1rio Nacional (Fupen) [&hellip;]<\/p>\n","protected":false},"author":1,"featured_media":84446,"comment_status":"closed","ping_status":"closed","sticky":false,"template":"","format":"standard","meta":{"footnotes":""},"categories":[15],"tags":[],"class_list":{"0":"post-84444","1":"post","2":"type-post","3":"status-publish","4":"format-standard","5":"has-post-thumbnail","7":"category-destaques"},"_links":{"self":[{"href":"https:\/\/senoticias.com.br\/se\/wp-json\/wp\/v2\/posts\/84444"}],"collection":[{"href":"https:\/\/senoticias.com.br\/se\/wp-json\/wp\/v2\/posts"}],"about":[{"href":"https:\/\/senoticias.com.br\/se\/wp-json\/wp\/v2\/types\/post"}],"author":[{"embeddable":true,"href":"https:\/\/senoticias.com.br\/se\/wp-json\/wp\/v2\/users\/1"}],"replies":[{"embeddable":true,"href":"https:\/\/senoticias.com.br\/se\/wp-json\/wp\/v2\/comments?post=84444"}],"version-history":[{"count":0,"href":"https:\/\/senoticias.com.br\/se\/wp-json\/wp\/v2\/posts\/84444\/revisions"}],"wp:featuredmedia":[{"embeddable":true,"href":"https:\/\/senoticias.com.br\/se\/wp-json\/wp\/v2\/media\/84446"}],"wp:attachment":[{"href":"https:\/\/senoticias.com.br\/se\/wp-json\/wp\/v2\/media?parent=84444"}],"wp:term":[{"taxonomy":"category","embeddable":true,"href":"https:\/\/senoticias.com.br\/se\/wp-json\/wp\/v2\/categories?post=84444"},{"taxonomy":"post_tag","embeddable":true,"href":"https:\/\/senoticias.com.br\/se\/wp-json\/wp\/v2\/tags?post=84444"}],"curies":[{"name":"wp","href":"https:\/\/api.w.org\/{rel}","templated":true}]}}