{"id":84434,"date":"2015-09-29T15:26:59","date_gmt":"2015-09-29T18:26:59","guid":{"rendered":"http:\/\/senoticias.com.br\/se\/?p=84434"},"modified":"2015-09-29T21:06:13","modified_gmt":"2015-09-30T00:06:13","slug":"politico-fazendo-greve-e-falta-de-vergonha-na-cara-diz-vereador","status":"publish","type":"post","link":"https:\/\/senoticias.com.br\/se\/politico-fazendo-greve-e-falta-de-vergonha-na-cara-diz-vereador\/","title":{"rendered":"\u201cPol\u00edtico fazendo greve \u00e9 falta de vergonha na cara\u201d, diz vereador"},"content":{"rendered":"<div style=\"text-align: justify;\">\n<div id=\"attachment_45171\" style=\"width: 310px\" class=\"wp-caption alignright\"><a href=\"http:\/\/senoticias.com.br\/se\/wp-content\/uploads\/2013\/03\/Agamenom-Sobral.jpg\"><img loading=\"lazy\" decoding=\"async\" aria-describedby=\"caption-attachment-45171\" class=\"size-full wp-image-45171\" alt=\".(Foto de arquivo  Andressa Barreto)\" src=\"http:\/\/senoticias.com.br\/se\/wp-content\/uploads\/2013\/03\/Agamenom-Sobral.jpg\" width=\"300\" height=\"200\" \/><\/a><p id=\"caption-attachment-45171\" class=\"wp-caption-text\">.(Foto de arquivo Andressa Barreto)<\/p><\/div>\n<p>Durante pronunciamento na manh\u00e3 de hoje, 29\/09, na C\u00e2mara Municipal de Aracaju (CMA), o vereador Agamenon Sobral (PP), repudiou a atitude dos prefeitos que fizeram greve contra os cortes do Fundo de Participa\u00e7\u00e3o dos Munic\u00edpios (FPM) por parte do Governo Federal.<\/p>\n<\/div>\n<div style=\"text-align: justify;\">Em seu pronunciamento, o parlamentar afirmou que n\u00e3o tem fundamento um pol\u00edtico participar de um manifesto grevista e que outra medida precisaria ser tomada para redu\u00e7\u00e3o de gastos. \u201cOs prefeitos, na maior cara de pau, fecharam as prefeituras fazendo uma greve, ao inv\u00e9s de tomarem uma posi\u00e7\u00e3o como o prefeito Jo\u00e3o Alves fez cortando os cargos comissionados. Pol\u00edtico fazendo greve \u00e9 falta de vergonha na cara\u201d, afirmou.<\/div>\n<div style=\"text-align: justify;\"><\/div>\n<div style=\"text-align: justify;\">Sobre a atitude do prefeito da capital, Agamenon acredita que, al\u00e9m de trazer economia financeira, a gest\u00e3o poder\u00e1 trabalhar com maior efici\u00eancia. \u201cO prefeito Jo\u00e3o Alves merece parab\u00e9ns por ter a coragem de cortar esses cargos. Agora aqueles vermelhinhos que atrapalham a gest\u00e3o do prefeito ir\u00e3o sair e Jo\u00e3o Alves vai poder governar melhor a nossa cidade\u201d.<\/div>\n<div style=\"text-align: justify;\"><\/div>\n<div style=\"text-align: justify;\"><strong><em>Da Assessoria de Imprensa<\/em><\/strong><\/div>\n<div style=\"text-align: justify;\"><\/div>\n<div style=\"text-align: justify;\"><\/div>\n<div><\/div>\n<div>\n<h2><strong>Acompanhe o SE Not\u00edcias no\u00a0<a href=\"https:\/\/twitter.com\/Senoticias\" target=\"_blank\">Twitter\u00a0<\/a>e no\u00a0<a href=\"https:\/\/www.facebook.com\/PortalSENoticias\" target=\"_blank\">Facebook<\/a><\/strong><\/h2>\n<p><em><strong>Da Assessoria de Imprensa<\/strong><\/em><\/p>\n<\/div>\n","protected":false},"excerpt":{"rendered":"<p>Durante pronunciamento na manh\u00e3 de hoje, 29\/09, na C\u00e2mara Municipal de Aracaju (CMA), o vereador Agamenon Sobral (PP), repudiou a atitude dos prefeitos que fizeram greve contra os cortes do Fundo de Participa\u00e7\u00e3o dos Munic\u00edpios (FPM) por parte do Governo Federal. Em seu pronunciamento, o parlamentar afirmou que n\u00e3o tem fundamento um pol\u00edtico participar de [&hellip;]<\/p>\n","protected":false},"author":1,"featured_media":45171,"comment_status":"closed","ping_status":"closed","sticky":false,"template":"","format":"standard","meta":{"footnotes":""},"categories":[6],"tags":[],"class_list":{"0":"post-84434","1":"post","2":"type-post","3":"status-publish","4":"format-standard","5":"has-post-thumbnail","7":"category-politica"},"_links":{"self":[{"href":"https:\/\/senoticias.com.br\/se\/wp-json\/wp\/v2\/posts\/84434"}],"collection":[{"href":"https:\/\/senoticias.com.br\/se\/wp-json\/wp\/v2\/posts"}],"about":[{"href":"https:\/\/senoticias.com.br\/se\/wp-json\/wp\/v2\/types\/post"}],"author":[{"embeddable":true,"href":"https:\/\/senoticias.com.br\/se\/wp-json\/wp\/v2\/users\/1"}],"replies":[{"embeddable":true,"href":"https:\/\/senoticias.com.br\/se\/wp-json\/wp\/v2\/comments?post=84434"}],"version-history":[{"count":0,"href":"https:\/\/senoticias.com.br\/se\/wp-json\/wp\/v2\/posts\/84434\/revisions"}],"wp:featuredmedia":[{"embeddable":true,"href":"https:\/\/senoticias.com.br\/se\/wp-json\/wp\/v2\/media\/45171"}],"wp:attachment":[{"href":"https:\/\/senoticias.com.br\/se\/wp-json\/wp\/v2\/media?parent=84434"}],"wp:term":[{"taxonomy":"category","embeddable":true,"href":"https:\/\/senoticias.com.br\/se\/wp-json\/wp\/v2\/categories?post=84434"},{"taxonomy":"post_tag","embeddable":true,"href":"https:\/\/senoticias.com.br\/se\/wp-json\/wp\/v2\/tags?post=84434"}],"curies":[{"name":"wp","href":"https:\/\/api.w.org\/{rel}","templated":true}]}}