{"id":84431,"date":"2015-09-29T08:04:18","date_gmt":"2015-09-29T11:04:18","guid":{"rendered":"http:\/\/senoticias.com.br\/se\/?p=84431"},"modified":"2015-09-29T08:07:14","modified_gmt":"2015-09-29T11:07:14","slug":"calendario-de-pagamento-de-salarios-dos-servidores-do-estado","status":"publish","type":"post","link":"https:\/\/senoticias.com.br\/se\/calendario-de-pagamento-de-salarios-dos-servidores-do-estado\/","title":{"rendered":"Governo divulga calend\u00e1rio de pagamento dos servidores"},"content":{"rendered":"<div id=\"attachment_57333\" style=\"width: 310px\" class=\"wp-caption alignright\"><a href=\"http:\/\/senoticias.com.br\/se\/wp-content\/uploads\/2013\/12\/dinheiro1.jpg\"><img loading=\"lazy\" decoding=\"async\" aria-describedby=\"caption-attachment-57333\" class=\"size-medium wp-image-57333\" alt=\"Os vencimentos correspondem ao m\u00eas de setembro. (Foto: meramente ilustrativa)\" src=\"http:\/\/senoticias.com.br\/se\/wp-content\/uploads\/2013\/12\/dinheiro1-300x168.jpg\" width=\"300\" height=\"168\" srcset=\"https:\/\/senoticias.com.br\/se\/wp-content\/uploads\/2013\/12\/dinheiro1-300x168.jpg 300w, https:\/\/senoticias.com.br\/se\/wp-content\/uploads\/2013\/12\/dinheiro1-342x192.jpg 342w, https:\/\/senoticias.com.br\/se\/wp-content\/uploads\/2013\/12\/dinheiro1.jpg 480w\" sizes=\"(max-width: 300px) 100vw, 300px\" \/><\/a><p id=\"caption-attachment-57333\" class=\"wp-caption-text\">Os vencimentos correspondem ao m\u00eas de setembro. (Foto: meramente ilustrativa)<\/p><\/div>\n<p style=\"text-align: justify;\">Em reuni\u00e3o ocorrida nesta segunda-feira,\u00a0dia\u00a028, entre o secret\u00e1rio de Estado da Fazenda, Jeferson Passos, e o superintendente estadual do Banco do Brasil, Ingo Kobarg J\u00fanior, foi informado pela institui\u00e7\u00e3o financeira que estava mantida a decis\u00e3o de n\u00e3o disponibilizar ao Poder Executivo a libera\u00e7\u00e3o do percentual de 70% dos recursos oriundos das contas de dep\u00f3sitos judiciais contidos no banco.<\/p>\n<p style=\"text-align: justify;\">Ainda no m\u00eas de agosto, o Governo do Estado de Sergipe solicitou ao Banco do\u00a0Brasil\u00a0no dia 27 a libera\u00e7\u00e3o desses recursos, conforme determina\u00e7\u00e3o contida na Lei Complementar n\u00b0 264\/2015, aprovada pela Assembleia Legislativa ainda no m\u00eas passado. Por\u00e9m, n\u00e3o obteve nenhuma manifesta\u00e7\u00e3o da institui\u00e7\u00e3o financeira para tal procedimento.<\/p>\n<p style=\"text-align: justify;\">Diante desta\u00a0posi\u00e7\u00e3o, o Governo, por meio da Procuradoria Geral do Estado (PGE), definiu pela ado\u00e7\u00e3o das medidas judiciais cab\u00edveis para garantir a execu\u00e7\u00e3o do repasse. Para o pagamento do m\u00eas de agosto, o Estado obteve normalmente acesso aos recursos oriundos do Banese no valor aproximado de R$ 97 milh\u00f5es.<\/p>\n<p style=\"text-align: justify;\">O secret\u00e1rio Jeferson Passos informou que embora tenha havido a libera\u00e7\u00e3o por parte do Banco do Estado de Sergipe (Banese) do percentual de 70% dos dep\u00f3sitos judiciais contidos na institui\u00e7\u00e3o referente j\u00e1 ao m\u00eas de setembro, esse\u00a0valor\u00a0\u00e9 insuficiente para viabilizar a execu\u00e7\u00e3o integral do pagamento da folha salarial do funcionalismo estadual.<\/p>\n<p style=\"text-align: justify;\">Sem o acesso ao volume de recursos necess\u00e1rios ao equil\u00edbrio financeiro, o Estado de Sergipe necessitar\u00e1 efetuar o pagamento da folha de forma parcelada, conforme programa\u00e7\u00e3o a seguir:<\/p>\n<p style=\"text-align: justify;\"><strong>Dia 30 de setembro<\/strong>: Secretaria de Estado da Educa\u00e7\u00e3o (integral);<\/p>\n<p style=\"text-align: justify;\"><strong>Dia 01 de outubro:<\/strong> Secretaria de Estado da Sa\u00fade, Detran, Ipesa\u00fade, Sergipe Previd\u00eancia, Jucese, Adema e Segrase (integral);<\/p>\n<p style=\"text-align: justify;\"><strong>Dia 01 de outubro:<\/strong> Aposentados, pensionistas e demais servidores da administra\u00e7\u00e3o direta e indireta at\u00e9 o limite de R$ 2.500,00.<\/p>\n<p style=\"text-align: justify;\">A Secretaria de Estado da Fazenda informou que, diante desta dificuldade de pagamento integral dos sal\u00e1rios estima concluir a folha salarial do funcionalismo referente o m\u00eas de setembro at\u00e9 o dia 10 de outubro, ou antes deste prazo caso haja a libera\u00e7\u00e3o do percentual dos recursos dos dep\u00f3sitos judiciais contidos no Banco do Brasil.<\/p>\n<p style=\"text-align: justify;\"><strong>Acompanhe o SE Not\u00edcias no\u00a0<a href=\"https:\/\/twitter.com\/Senoticias\" target=\"_blank\">Twitter\u00a0<\/a>e no\u00a0<a href=\"https:\/\/www.facebook.com\/PortalSENoticias\" target=\"_blank\">Facebook<\/a><\/strong><\/p>\n<p style=\"text-align: justify;\"><em><strong>Ag\u00eancia Sergipe de Not\u00edcias<\/strong><\/em><\/p>\n","protected":false},"excerpt":{"rendered":"<p>Em reuni\u00e3o ocorrida nesta segunda-feira,\u00a0dia\u00a028, entre o secret\u00e1rio de Estado da Fazenda, Jeferson Passos, e o superintendente estadual do Banco do Brasil, Ingo Kobarg J\u00fanior, foi informado pela institui\u00e7\u00e3o financeira que estava mantida a decis\u00e3o de n\u00e3o disponibilizar ao Poder Executivo a libera\u00e7\u00e3o do percentual de 70% dos recursos oriundos das contas de dep\u00f3sitos judiciais [&hellip;]<\/p>\n","protected":false},"author":2,"featured_media":57333,"comment_status":"closed","ping_status":"closed","sticky":false,"template":"","format":"standard","meta":{"footnotes":""},"categories":[6,1],"tags":[],"class_list":{"0":"post-84431","1":"post","2":"type-post","3":"status-publish","4":"format-standard","5":"has-post-thumbnail","7":"category-politica","8":"category-sem-categoria"},"_links":{"self":[{"href":"https:\/\/senoticias.com.br\/se\/wp-json\/wp\/v2\/posts\/84431"}],"collection":[{"href":"https:\/\/senoticias.com.br\/se\/wp-json\/wp\/v2\/posts"}],"about":[{"href":"https:\/\/senoticias.com.br\/se\/wp-json\/wp\/v2\/types\/post"}],"author":[{"embeddable":true,"href":"https:\/\/senoticias.com.br\/se\/wp-json\/wp\/v2\/users\/2"}],"replies":[{"embeddable":true,"href":"https:\/\/senoticias.com.br\/se\/wp-json\/wp\/v2\/comments?post=84431"}],"version-history":[{"count":0,"href":"https:\/\/senoticias.com.br\/se\/wp-json\/wp\/v2\/posts\/84431\/revisions"}],"wp:featuredmedia":[{"embeddable":true,"href":"https:\/\/senoticias.com.br\/se\/wp-json\/wp\/v2\/media\/57333"}],"wp:attachment":[{"href":"https:\/\/senoticias.com.br\/se\/wp-json\/wp\/v2\/media?parent=84431"}],"wp:term":[{"taxonomy":"category","embeddable":true,"href":"https:\/\/senoticias.com.br\/se\/wp-json\/wp\/v2\/categories?post=84431"},{"taxonomy":"post_tag","embeddable":true,"href":"https:\/\/senoticias.com.br\/se\/wp-json\/wp\/v2\/tags?post=84431"}],"curies":[{"name":"wp","href":"https:\/\/api.w.org\/{rel}","templated":true}]}}