{"id":84429,"date":"2015-09-29T07:44:57","date_gmt":"2015-09-29T10:44:57","guid":{"rendered":"http:\/\/senoticias.com.br\/se\/?p=84429"},"modified":"2015-09-30T15:10:35","modified_gmt":"2015-09-30T18:10:35","slug":"joao-alves-filho-exonera-todos-os-ccs-menos-secretarios-e-diretores","status":"publish","type":"post","link":"https:\/\/senoticias.com.br\/se\/joao-alves-filho-exonera-todos-os-ccs-menos-secretarios-e-diretores\/","title":{"rendered":"Jo\u00e3o Alves Filho exonera todos os CCs, menos secret\u00e1rios e diretores"},"content":{"rendered":"<div id=\"attachment_48171\" style=\"width: 286px\" class=\"wp-caption alignright\"><a href=\"http:\/\/senoticias.com.br\/se\/wp-content\/uploads\/2013\/05\/Jo\u00e3o-Alves.jpg\"><img loading=\"lazy\" decoding=\"async\" aria-describedby=\"caption-attachment-48171\" class=\"size-full wp-image-48171\" alt=\"Jo\u00e3o Alves adota medidas para enfrentar a &quot;crise&quot;. (Foto: Divulga\u00e7\u00e3o)\" src=\"http:\/\/senoticias.com.br\/se\/wp-content\/uploads\/2013\/05\/Jo\u00e3o-Alves.jpg\" width=\"276\" height=\"183\" \/><\/a><p id=\"caption-attachment-48171\" class=\"wp-caption-text\">Jo\u00e3o Alves adota medidas para enfrentar a &#8220;crise&#8221;. (Foto: Divulga\u00e7\u00e3o)<\/p><\/div>\n<p style=\"text-align: justify;\">Em virtude da enorme crise econ\u00f4mica e financeira que assola todo o pa\u00eds, em especial os munic\u00edpios brasileiros, devido \u00e0s quedas nas transfer\u00eancias obrigat\u00f3rias da Uni\u00e3o para o munic\u00edpio, al\u00e9m do aumento das responsabilidades e gastos compuls\u00f3rios municipais e de acordo com Lei de Responsabilidade Fiscal(Lei de Responsabilidade Fiscal) cujo o limite \u00e9 de 54%, teto que se atingido, acontecem diversas san\u00e7\u00f5es legais e administrativas pela n\u00e3o obedi\u00eancia da LRF, a exemplo da aus\u00eancia de qualquer transfer\u00eancia de recursos e a desaprova\u00e7\u00e3o das Contas no TCU e TCE. E, como a Prefeitura de Aracaju j\u00e1 chegou no limite prudencial, atingindo 53,28%, o prefeito Jo\u00e3o Alves Filho, resolve anunciar as seguintes medidas para que a Prefeitura n\u00e3o sofra nenhuma penalidade ou retalia\u00e7\u00e3o legal, o que inviabilizaria a gest\u00e3o.<\/p>\n<p><strong>Desta forma as medidas s\u00e3o:<\/strong><\/p>\n<p style=\"text-align: justify;\">\u00a0*Devolu\u00e7\u00e3o de todos os servidores requisitados e que estejam com \u00f4nus para o poder municipal;<\/p>\n<p style=\"text-align: justify;\">\u00a0 *Exonera todos os cargos em comiss\u00e3o exceto secret\u00e1rios, diretores de autarquia, funda\u00e7\u00f5es e empresas;<\/p>\n<p style=\"text-align: justify;\">\u00a0 *Em contrapartida haver\u00e1 a recontrata\u00e7\u00e3o de 50% do valor da folha de pagamento de cada secretaria, em fun\u00e7\u00e3o da import\u00e2ncia dos funcion\u00e1rios rec\u00e9m exonerados para a manuten\u00e7\u00e3o da m\u00e1quina administrativa, a crit\u00e9rio de cada Secret\u00e1rio;<\/p>\n<p style=\"text-align: justify;\">\u00a0 *A data da exonera\u00e7\u00e3o ser\u00e1 a mesma da nomea\u00e7\u00e3o dos 50% recontratados, ou seja, a partir de 1\u00ba de outubro de 2015;<\/p>\n<p style=\"text-align: justify;\">\u00a0 Outras medidas adicionais estar\u00e3o sendo adotadas para a redu\u00e7\u00e3o de despesas de pessoal, sem, contudo, retirar nenhum direito adquirido dos servidores p\u00fablicos efetivos. Estima-se que as referidas medidas representar\u00e3o uma redu\u00e7\u00e3o de cerca R$ 3 milh\u00f5es mensais na Folha de Pagamento da Prefeitura de Aracaju.<\/p>\n<p style=\"text-align: justify;\"><strong>Acompanhe o SE Not\u00edcias no\u00a0<a href=\"https:\/\/twitter.com\/Senoticias\" target=\"_blank\">Twitter\u00a0<\/a>e no\u00a0<a href=\"https:\/\/www.facebook.com\/PortalSENoticias\" target=\"_blank\">Facebook<\/a><\/strong><\/p>\n<p style=\"text-align: justify;\"><em>Ascom\/Prefeitura Municipal de Aracaju<\/em><\/p>\n","protected":false},"excerpt":{"rendered":"<p>Em virtude da enorme crise econ\u00f4mica e financeira que assola todo o pa\u00eds, em especial os munic\u00edpios brasileiros, devido \u00e0s quedas nas transfer\u00eancias obrigat\u00f3rias da Uni\u00e3o para o munic\u00edpio, al\u00e9m do aumento das responsabilidades e gastos compuls\u00f3rios municipais e de acordo com Lei de Responsabilidade Fiscal(Lei de Responsabilidade Fiscal) cujo o limite \u00e9 de 54%, [&hellip;]<\/p>\n","protected":false},"author":1,"featured_media":48171,"comment_status":"closed","ping_status":"closed","sticky":false,"template":"","format":"standard","meta":{"footnotes":""},"categories":[6],"tags":[],"class_list":{"0":"post-84429","1":"post","2":"type-post","3":"status-publish","4":"format-standard","5":"has-post-thumbnail","7":"category-politica"},"_links":{"self":[{"href":"https:\/\/senoticias.com.br\/se\/wp-json\/wp\/v2\/posts\/84429"}],"collection":[{"href":"https:\/\/senoticias.com.br\/se\/wp-json\/wp\/v2\/posts"}],"about":[{"href":"https:\/\/senoticias.com.br\/se\/wp-json\/wp\/v2\/types\/post"}],"author":[{"embeddable":true,"href":"https:\/\/senoticias.com.br\/se\/wp-json\/wp\/v2\/users\/1"}],"replies":[{"embeddable":true,"href":"https:\/\/senoticias.com.br\/se\/wp-json\/wp\/v2\/comments?post=84429"}],"version-history":[{"count":0,"href":"https:\/\/senoticias.com.br\/se\/wp-json\/wp\/v2\/posts\/84429\/revisions"}],"wp:featuredmedia":[{"embeddable":true,"href":"https:\/\/senoticias.com.br\/se\/wp-json\/wp\/v2\/media\/48171"}],"wp:attachment":[{"href":"https:\/\/senoticias.com.br\/se\/wp-json\/wp\/v2\/media?parent=84429"}],"wp:term":[{"taxonomy":"category","embeddable":true,"href":"https:\/\/senoticias.com.br\/se\/wp-json\/wp\/v2\/categories?post=84429"},{"taxonomy":"post_tag","embeddable":true,"href":"https:\/\/senoticias.com.br\/se\/wp-json\/wp\/v2\/tags?post=84429"}],"curies":[{"name":"wp","href":"https:\/\/api.w.org\/{rel}","templated":true}]}}