{"id":84423,"date":"2015-09-29T06:53:23","date_gmt":"2015-09-29T09:53:23","guid":{"rendered":"http:\/\/senoticias.com.br\/se\/?p=84423"},"modified":"2015-09-30T12:25:20","modified_gmt":"2015-09-30T15:25:20","slug":"policia-civil-apreende-100-kg-de-maconha-prensada-e-prende-traficante","status":"publish","type":"post","link":"https:\/\/senoticias.com.br\/se\/policia-civil-apreende-100-kg-de-maconha-prensada-e-prende-traficante\/","title":{"rendered":"Pol\u00edcia Civil apreende 100 kg de maconha prensada e prende traficante"},"content":{"rendered":"<p style=\"text-align: justify;\">A Pol\u00edcia Civil de Sergipe, por meio do Departamento de Narc\u00f3ticos (Denarc), efetuou na tarde dessa segunda-feira, 28, a pris\u00e3o de Mailon Lima dos Santos, 23 anos, suspeito de tr\u00e1fico de drogas no conjunto Parque dos Far\u00f3is, munic\u00edpio de Nossa Senhora do Socorro, regi\u00e3o metropolitana de Aracaju. Com ele foram apreendidos 100 quilos de maconha prensada que estavam escondidas em uma ch\u00e1cara localizada no mesmo conjunto.<\/p>\n<div id=\"attachment_84433\" style=\"width: 599px\" class=\"wp-caption aligncenter\"><a href=\"http:\/\/senoticias.com.br\/se\/wp-content\/uploads\/2015\/09\/Drogas.jpg\"><img loading=\"lazy\" decoding=\"async\" aria-describedby=\"caption-attachment-84433\" class=\"size-full wp-image-84433\" alt=\"Denarc apreende 100 kg de maconha em ch\u00e1cara no Parque dos Far\u00f3is.(Foto: Pol\u00edcia Civil)\" src=\"http:\/\/senoticias.com.br\/se\/wp-content\/uploads\/2015\/09\/Drogas.jpg\" width=\"589\" height=\"380\" srcset=\"https:\/\/senoticias.com.br\/se\/wp-content\/uploads\/2015\/09\/Drogas.jpg 589w, https:\/\/senoticias.com.br\/se\/wp-content\/uploads\/2015\/09\/Drogas-300x193.jpg 300w, https:\/\/senoticias.com.br\/se\/wp-content\/uploads\/2015\/09\/Drogas-342x220.jpg 342w\" sizes=\"(max-width: 589px) 100vw, 589px\" \/><\/a><p id=\"caption-attachment-84433\" class=\"wp-caption-text\">Denarc apreende 100 kg de maconha em ch\u00e1cara no Parque dos Far\u00f3is.(Foto: Pol\u00edcia Civil)<\/p><\/div>\n<p style=\"text-align: justify;\">Segundo o respons\u00e1vel pelas investiga\u00e7\u00f5es, delegado Andr\u00e9 Baronto, os policiais do Denarc receberam den\u00fancias atrav\u00e9s do Disque Den\u00fancia 181 informando sobre um ponto de tr\u00e1fico no referido conjunto.<\/p>\n<p style=\"text-align: justify;\">&#8220;Colhemos informa\u00e7\u00f5es sobre a den\u00fancia e localizamos a resid\u00eancia onde Mailon estava. Seguimos at\u00e9 o local e efetuamos a pris\u00e3o dele, onde encontramos uma pequena quantidade da droga e a chave da ch\u00e1cara&#8221;, explicou.<\/p>\n<p style=\"text-align: justify;\">Os agentes seguiram at\u00e9 a ch\u00e1cara, que fica um pouco afastada da resid\u00eancia, e l\u00e1 encontraram 100 quilos de maconha prensada.<\/p>\n<p style=\"text-align: justify;\">&#8220;Identificamos que ele era o respons\u00e1vel na guarda e vigil\u00e2ncia da droga. Durante a investiga\u00e7\u00e3o, identificamos que existem outras pessoas envolvidas nessa associa\u00e7\u00e3o. Agora, durante o inqu\u00e9rito policial, vamos tentar identificar essas pessoas, concluir e encaminhar a Justi\u00e7a&#8221;, concluiu Baronto.<\/p>\n<p style=\"text-align: justify;\">.<\/p>\n<p>\u00a0<strong>Acompanhe o SE Not\u00edcias no\u00a0<a href=\"https:\/\/twitter.com\/Senoticias\" target=\"_blank\">Twitter\u00a0<\/a>e no\u00a0<a href=\"https:\/\/www.facebook.com\/PortalSENoticias\" target=\"_blank\">Facebook<\/a><\/strong><\/p>\n<p><strong><em>Informa\u00e7\u00f5es da SSP\/SE<\/em><\/strong><\/p>\n","protected":false},"excerpt":{"rendered":"<p>A Pol\u00edcia Civil de Sergipe, por meio do Departamento de Narc\u00f3ticos (Denarc), efetuou na tarde dessa segunda-feira, 28, a pris\u00e3o de Mailon Lima dos Santos, 23 anos, suspeito de tr\u00e1fico de drogas no conjunto Parque dos Far\u00f3is, munic\u00edpio de Nossa Senhora do Socorro, regi\u00e3o metropolitana de Aracaju. Com ele foram apreendidos 100 quilos de maconha [&hellip;]<\/p>\n","protected":false},"author":1,"featured_media":84433,"comment_status":"closed","ping_status":"closed","sticky":false,"template":"","format":"standard","meta":{"footnotes":""},"categories":[310,7],"tags":[],"class_list":{"0":"post-84423","1":"post","2":"type-post","3":"status-publish","4":"format-standard","5":"has-post-thumbnail","7":"category-destaques-da-semana","8":"category-policia"},"_links":{"self":[{"href":"https:\/\/senoticias.com.br\/se\/wp-json\/wp\/v2\/posts\/84423"}],"collection":[{"href":"https:\/\/senoticias.com.br\/se\/wp-json\/wp\/v2\/posts"}],"about":[{"href":"https:\/\/senoticias.com.br\/se\/wp-json\/wp\/v2\/types\/post"}],"author":[{"embeddable":true,"href":"https:\/\/senoticias.com.br\/se\/wp-json\/wp\/v2\/users\/1"}],"replies":[{"embeddable":true,"href":"https:\/\/senoticias.com.br\/se\/wp-json\/wp\/v2\/comments?post=84423"}],"version-history":[{"count":0,"href":"https:\/\/senoticias.com.br\/se\/wp-json\/wp\/v2\/posts\/84423\/revisions"}],"wp:featuredmedia":[{"embeddable":true,"href":"https:\/\/senoticias.com.br\/se\/wp-json\/wp\/v2\/media\/84433"}],"wp:attachment":[{"href":"https:\/\/senoticias.com.br\/se\/wp-json\/wp\/v2\/media?parent=84423"}],"wp:term":[{"taxonomy":"category","embeddable":true,"href":"https:\/\/senoticias.com.br\/se\/wp-json\/wp\/v2\/categories?post=84423"},{"taxonomy":"post_tag","embeddable":true,"href":"https:\/\/senoticias.com.br\/se\/wp-json\/wp\/v2\/tags?post=84423"}],"curies":[{"name":"wp","href":"https:\/\/api.w.org\/{rel}","templated":true}]}}