{"id":84420,"date":"2015-09-28T22:40:01","date_gmt":"2015-09-29T01:40:01","guid":{"rendered":"http:\/\/senoticias.com.br\/se\/?p=84420"},"modified":"2015-09-29T21:25:55","modified_gmt":"2015-09-30T00:25:55","slug":"pista-que-da-acesso-ao-rosa-elze-e-eduardo-gomes-tera-um-lado-interditado-confira-datas-e-horarios","status":"publish","type":"post","link":"https:\/\/senoticias.com.br\/se\/pista-que-da-acesso-ao-rosa-elze-e-eduardo-gomes-tera-um-lado-interditado-confira-datas-e-horarios\/","title":{"rendered":"Pista que d\u00e1 acesso ao Rosa Elze e Eduardo Gomes ter\u00e1 um lado interditado; confira datas e hor\u00e1rios"},"content":{"rendered":"<p style=\"text-align: justify;\">A Companhia de Saneamento de Sergipe \u2013 Deso informa que amanh\u00e3 dia 29 de setembro de 2015, iniciar\u00e1 os servi\u00e7os de complemento da tubula\u00e7\u00e3o da Esta\u00e7\u00e3o Elevat\u00f3ria na Av. Marechal Rondon pr\u00f3ximo a Av. Carlos Rodrigues da Cruz (Centro administrativo).<\/p>\n<div id=\"attachment_84421\" style=\"width: 608px\" class=\"wp-caption aligncenter\"><a href=\"http:\/\/senoticias.com.br\/se\/wp-content\/uploads\/2015\/09\/grande-obra_deso_280915-e1443490768927.jpg\"><img loading=\"lazy\" decoding=\"async\" aria-describedby=\"caption-attachment-84421\" class=\"size-full wp-image-84421\" alt=\"Pista ser\u00e1 interditada por causa de obra que deve durar um m\u00eas. (Foto: Ascom\/Deso)\" src=\"http:\/\/senoticias.com.br\/se\/wp-content\/uploads\/2015\/09\/grande-obra_deso_280915-e1443490768927.jpg\" width=\"598\" height=\"397\" \/><\/a><p id=\"caption-attachment-84421\" class=\"wp-caption-text\">Pista ser\u00e1 interditada por causa de obra que deve durar um m\u00eas. (Foto: Ascom\/Deso)<\/p><\/div>\n<p style=\"text-align: justify;\">Para a execu\u00e7\u00e3o dos servi\u00e7os, ser\u00e1 necess\u00e1rio o corte transversal da Av. Marechal Rondon pela pista que liga o Campus da UFS ao centro de Aracaju. Essa pista ser\u00e1 interditada nas proximidades da empresa de \u00f4nibus Progresso. A pista sentido Centro &#8211; Campus Universit\u00e1rio nesse segmento ficar\u00e1 com fluxo nos dois sentidos. O prazo de execu\u00e7\u00e3o das obras ser\u00e1 de 30 (trinta) dias.<\/p>\n<p style=\"text-align: justify;\">Contamos com a compreens\u00e3o da popula\u00e7\u00e3o pois a obra\u00a0 tem como finalidade o refor\u00e7o no abastecimento de \u00e1gua dos bairros Jabotiana, Atalaia, In\u00e1cio Barbosa, Farol\u00e2ndia, Santa Maria, al\u00e9m dos conjuntos Augusto Franco e Orlando Dantas e a Zona de Expans\u00e3o.<\/p>\n<p style=\"text-align: justify;\"><strong>Acompanhe o SE Not\u00edcias no\u00a0<a href=\"https:\/\/twitter.com\/Senoticias\" target=\"_blank\">Twitter\u00a0<\/a>e no\u00a0<a href=\"https:\/\/www.facebook.com\/PortalSENoticias\" target=\"_blank\">Facebook<\/a><\/strong><\/p>\n<p><em>Fonte: Deso<\/em><\/p>\n","protected":false},"excerpt":{"rendered":"<p>A Companhia de Saneamento de Sergipe \u2013 Deso informa que amanh\u00e3 dia 29 de setembro de 2015, iniciar\u00e1 os servi\u00e7os de complemento da tubula\u00e7\u00e3o da Esta\u00e7\u00e3o Elevat\u00f3ria na Av. Marechal Rondon pr\u00f3ximo a Av. Carlos Rodrigues da Cruz (Centro administrativo). Para a execu\u00e7\u00e3o dos servi\u00e7os, ser\u00e1 necess\u00e1rio o corte transversal da Av. Marechal Rondon pela [&hellip;]<\/p>\n","protected":false},"author":1,"featured_media":84421,"comment_status":"closed","ping_status":"closed","sticky":false,"template":"","format":"standard","meta":{"footnotes":""},"categories":[38,6],"tags":[],"class_list":{"0":"post-84420","1":"post","2":"type-post","3":"status-publish","4":"format-standard","5":"has-post-thumbnail","7":"category-municipios","8":"category-politica"},"_links":{"self":[{"href":"https:\/\/senoticias.com.br\/se\/wp-json\/wp\/v2\/posts\/84420"}],"collection":[{"href":"https:\/\/senoticias.com.br\/se\/wp-json\/wp\/v2\/posts"}],"about":[{"href":"https:\/\/senoticias.com.br\/se\/wp-json\/wp\/v2\/types\/post"}],"author":[{"embeddable":true,"href":"https:\/\/senoticias.com.br\/se\/wp-json\/wp\/v2\/users\/1"}],"replies":[{"embeddable":true,"href":"https:\/\/senoticias.com.br\/se\/wp-json\/wp\/v2\/comments?post=84420"}],"version-history":[{"count":0,"href":"https:\/\/senoticias.com.br\/se\/wp-json\/wp\/v2\/posts\/84420\/revisions"}],"wp:featuredmedia":[{"embeddable":true,"href":"https:\/\/senoticias.com.br\/se\/wp-json\/wp\/v2\/media\/84421"}],"wp:attachment":[{"href":"https:\/\/senoticias.com.br\/se\/wp-json\/wp\/v2\/media?parent=84420"}],"wp:term":[{"taxonomy":"category","embeddable":true,"href":"https:\/\/senoticias.com.br\/se\/wp-json\/wp\/v2\/categories?post=84420"},{"taxonomy":"post_tag","embeddable":true,"href":"https:\/\/senoticias.com.br\/se\/wp-json\/wp\/v2\/tags?post=84420"}],"curies":[{"name":"wp","href":"https:\/\/api.w.org\/{rel}","templated":true}]}}