{"id":84417,"date":"2015-09-28T21:49:02","date_gmt":"2015-09-29T00:49:02","guid":{"rendered":"http:\/\/senoticias.com.br\/se\/?p=84417"},"modified":"2015-09-28T21:54:05","modified_gmt":"2015-09-29T00:54:05","slug":"jovem-de-24-anos-e-assassinado-em-ribeiropolis","status":"publish","type":"post","link":"https:\/\/senoticias.com.br\/se\/jovem-de-24-anos-e-assassinado-em-ribeiropolis\/","title":{"rendered":"Jovem de 24 anos \u00e9 assassinado a poucos metros da delegacia de Ribeir\u00f3polis"},"content":{"rendered":"<p style=\"text-align: justify;\">Por volta das 19h15min desta segunda-feira, dia 29, o jovem Jo\u00e3o Paulo Andrade de Jesus, 24 anos, foi assassinado nas proximidades da Delegacia de Pol\u00edcia Civil, no centro da cidade de Ribeir\u00f3polis, Agreste Sergipano.<\/p>\n<div id=\"attachment_84419\" style=\"width: 608px\" class=\"wp-caption aligncenter\"><a href=\"http:\/\/senoticias.com.br\/se\/wp-content\/uploads\/2015\/09\/assassinato_rato_ribeiropolis_28-09-15_g-e1443487961737.jpg\"><img loading=\"lazy\" decoding=\"async\" aria-describedby=\"caption-attachment-84419\" class=\"size-full wp-image-84419\" alt=\"Jo\u00e3o Paulo Andrade de Jesus foi morto por arma de fogo nas proximidades da delegacia da cidade.(Foto: Gilson de Oliveira\/ITnet)\" src=\"http:\/\/senoticias.com.br\/se\/wp-content\/uploads\/2015\/09\/assassinato_rato_ribeiropolis_28-09-15_g-e1443487961737.jpg\" width=\"598\" height=\"478\" \/><\/a><p id=\"caption-attachment-84419\" class=\"wp-caption-text\">Jo\u00e3o Paulo Andrade de Jesus foi morto por arma de fogo nas proximidades da delegacia da cidade.(Foto: Gilson de Oliveira\/ITnet)<\/p><\/div>\n<p style=\"text-align: justify;\">O crime foi praticado com emprego de arma de fogo e a v\u00edtima evoluiu a \u00f3bito em via p\u00fablica ocasionado pela gravidade dos ferimentos. A motiva\u00e7\u00e3o e os modos operantes do assassinato ser\u00e3o investigados pelos agentes civis.<\/p>\n<p style=\"text-align: justify;\">Ap\u00f3s tomar conhecimento da ocorr\u00eancia, uma guarni\u00e7\u00e3o da 3.\u00aa Companhia do 3.\u00ba Batalh\u00e3o de Pol\u00edcia Militar (3.\u00aa Cia\/3.\u00ba BPM) se dirigiu para o local. Em seguida, a cena do crime foi isolada para ser periciada pela Pol\u00edcia T\u00e9cnica Cientifica do Instituto de Criminal\u00edstica.<\/p>\n<p style=\"text-align: justify;\">Conhecido como &#8220;Rato&#8221;, Jo\u00e3o Paulo era natural de Ribeir\u00f3polis e residia na Rua Boa Esperan\u00e7a, pr\u00f3ximo ao matadouro da cidade. Ele aniversariou no \u00faltimo dia 24 do corrente m\u00eas<\/p>\n<p>Jo\u00e3o Paulo completou 24 anos na \u00faltima quinta-feira (24).<\/p>\n<p><strong>Acompanhe o SE Not\u00edcias no\u00a0<a href=\"https:\/\/twitter.com\/Senoticias\" target=\"_blank\">Twitter\u00a0<\/a>e no\u00a0<a href=\"https:\/\/www.facebook.com\/PortalSENoticias\" target=\"_blank\">Facebook<\/a><\/strong><\/p>\n<p>&nbsp;<\/p>\n<p><strong>Texto de Gilson de Oliveira\/Itnet<\/strong><\/p>\n","protected":false},"excerpt":{"rendered":"<p>Por volta das 19h15min desta segunda-feira, dia 29, o jovem Jo\u00e3o Paulo Andrade de Jesus, 24 anos, foi assassinado nas proximidades da Delegacia de Pol\u00edcia Civil, no centro da cidade de Ribeir\u00f3polis, Agreste Sergipano. O crime foi praticado com emprego de arma de fogo e a v\u00edtima evoluiu a \u00f3bito em via p\u00fablica ocasionado pela [&hellip;]<\/p>\n","protected":false},"author":1,"featured_media":84419,"comment_status":"closed","ping_status":"closed","sticky":false,"template":"","format":"standard","meta":{"footnotes":""},"categories":[7,1],"tags":[],"class_list":{"0":"post-84417","1":"post","2":"type-post","3":"status-publish","4":"format-standard","5":"has-post-thumbnail","7":"category-policia","8":"category-sem-categoria"},"_links":{"self":[{"href":"https:\/\/senoticias.com.br\/se\/wp-json\/wp\/v2\/posts\/84417"}],"collection":[{"href":"https:\/\/senoticias.com.br\/se\/wp-json\/wp\/v2\/posts"}],"about":[{"href":"https:\/\/senoticias.com.br\/se\/wp-json\/wp\/v2\/types\/post"}],"author":[{"embeddable":true,"href":"https:\/\/senoticias.com.br\/se\/wp-json\/wp\/v2\/users\/1"}],"replies":[{"embeddable":true,"href":"https:\/\/senoticias.com.br\/se\/wp-json\/wp\/v2\/comments?post=84417"}],"version-history":[{"count":0,"href":"https:\/\/senoticias.com.br\/se\/wp-json\/wp\/v2\/posts\/84417\/revisions"}],"wp:featuredmedia":[{"embeddable":true,"href":"https:\/\/senoticias.com.br\/se\/wp-json\/wp\/v2\/media\/84419"}],"wp:attachment":[{"href":"https:\/\/senoticias.com.br\/se\/wp-json\/wp\/v2\/media?parent=84417"}],"wp:term":[{"taxonomy":"category","embeddable":true,"href":"https:\/\/senoticias.com.br\/se\/wp-json\/wp\/v2\/categories?post=84417"},{"taxonomy":"post_tag","embeddable":true,"href":"https:\/\/senoticias.com.br\/se\/wp-json\/wp\/v2\/tags?post=84417"}],"curies":[{"name":"wp","href":"https:\/\/api.w.org\/{rel}","templated":true}]}}