{"id":84411,"date":"2015-09-28T18:22:48","date_gmt":"2015-09-28T21:22:48","guid":{"rendered":"http:\/\/senoticias.com.br\/se\/?p=84411"},"modified":"2015-09-30T12:01:31","modified_gmt":"2015-09-30T15:01:31","slug":"policia-civil-apresenta-dupla-envolvida-na-morte-de-sargento-reformado","status":"publish","type":"post","link":"https:\/\/senoticias.com.br\/se\/policia-civil-apresenta-dupla-envolvida-na-morte-de-sargento-reformado\/","title":{"rendered":"Casal \u00e9 preso suspeito de planejar homic\u00eddio contra PM em Porto da Folha"},"content":{"rendered":"<p style=\"text-align: justify;\">A Pol\u00edcia Civil de Sergipe, por meio da Coordenadoria da Pol\u00edcia Civil do Interior (Copci), apresentou na manh\u00e3 desta ter\u00e7a-feira, 29, Albertina Maciel Faustino Correia, 46 anos, e Jos\u00e9 Caetano da Rocha, 33, conhecido como &#8220;Beto da Oficina&#8221;, suspeitos de cometer homic\u00eddio contra o policial reformado Jos\u00e9 Alves Correia, morto a pauladas enquanto dormia no povoado Boa Vista, munic\u00edpio de Porto da Folha, no dia 13 de agosto deste ano.<\/p>\n<div id=\"attachment_84437\" style=\"width: 608px\" class=\"wp-caption aligncenter\"><a href=\"http:\/\/senoticias.com.br\/se\/wp-content\/uploads\/2015\/09\/casal2-e1443548304978.jpg\"><img loading=\"lazy\" decoding=\"async\" aria-describedby=\"caption-attachment-84437\" class=\"size-full wp-image-84437\" alt=\"Albertina Maciel Faustino Correia, 46 anos, e Jos\u00e9 Caetano da Rocha, 33, conhecido como \u201cBeto da Oficina\u201d, suspeitos de cometer homic\u00eddio contra o policial reformado Jos\u00e9 Alves Correia. (Foto: Silvia  Rodrigues \/Ascom\/SSP\/SE)\" src=\"http:\/\/senoticias.com.br\/se\/wp-content\/uploads\/2015\/09\/casal2-e1443548304978.jpg\" width=\"598\" height=\"364\" \/><\/a><p id=\"caption-attachment-84437\" class=\"wp-caption-text\">Albertina Maciel Faustino Correia, 46 anos, e Jos\u00e9 Caetano da Rocha, 33, conhecido como \u201cBeto da Oficina\u201d, suspeitos de cometer homic\u00eddio contra o policial reformado Jos\u00e9 Alves Correia. (Foto: Silvia Rodrigues \/Ascom\/SSP\/SE)<\/p><\/div>\n<p style=\"text-align: justify;\">De acordo o coordenador operacional da Copci, delegado Dernival Eloi, as investiga\u00e7\u00f5es iniciaram ap\u00f3s os policiais notarem que o local do crime n\u00e3o havia sofrido nenhum tipo de arrombamento, o que chamou a aten\u00e7\u00e3o para a possibilidade de ter sido um crime planejado por Albertina, j\u00e1 que ela relatou estar acompanhada de tr\u00eas crian\u00e7as no momento da a\u00e7\u00e3o criminosa.<\/p>\n<p style=\"text-align: justify;\">&#8220;Baseados nisso, fizemos investiga\u00e7\u00f5es junto com a Dipol, que fez uma analise minuciosa acerca dos fatos, e constatamos a participa\u00e7\u00e3o da Albertina no crime, chegando at\u00e9 o Jos\u00e9 Caetano que mantinha um relacionando com ela&#8221;, relatou o delegado.<\/p>\n<div id=\"attachment_84412\" style=\"width: 316px\" class=\"wp-caption alignright\"><a href=\"http:\/\/senoticias.com.br\/se\/wp-content\/uploads\/2015\/09\/sargento_reformado_assassinado_13-08-15.jpg\"><img loading=\"lazy\" decoding=\"async\" aria-describedby=\"caption-attachment-84412\" class=\"size-full wp-image-84412\" alt=\"Sargento aposentado estava dormindo quando teve casa invadida. (Foto: PM\/SE)\" src=\"http:\/\/senoticias.com.br\/se\/wp-content\/uploads\/2015\/09\/sargento_reformado_assassinado_13-08-15.jpg\" width=\"306\" height=\"428\" srcset=\"https:\/\/senoticias.com.br\/se\/wp-content\/uploads\/2015\/09\/sargento_reformado_assassinado_13-08-15.jpg 306w, https:\/\/senoticias.com.br\/se\/wp-content\/uploads\/2015\/09\/sargento_reformado_assassinado_13-08-15-214x300.jpg 214w, https:\/\/senoticias.com.br\/se\/wp-content\/uploads\/2015\/09\/sargento_reformado_assassinado_13-08-15-300x419.jpg 300w\" sizes=\"(max-width: 306px) 100vw, 306px\" \/><\/a><p id=\"caption-attachment-84412\" class=\"wp-caption-text\">Sargento aposentado estava dormindo quando teve casa invadida. (Foto: PM\/SE)<\/p><\/div>\n<p style=\"text-align: justify;\">Sobre a motiva\u00e7\u00e3o do crime, Albertina alegou em depoimento que durante os 20 anos de relacionamento com o policial, era espancada pela v\u00edtima e como ela estava se relacionando com o Jos\u00e9 Caetano, os dois se uniram com outra pessoa ainda n\u00e3o identificada e planejaram a execu\u00e7\u00e3o.<\/p>\n<p style=\"text-align: justify;\">&#8220;Sabemos que este terceiro individuo \u00e9 morador da cidade de Cumbe, onde a vit\u00edma residia pouco antes do crime. Esperamos prender ele em breve&#8221;, informou o delegado.<\/p>\n<p style=\"text-align: justify;\">Segundo Dernival Eloi, Albertina confessou ter participado do crime, alegando que n\u00e3o conseguia mais sofrer agress\u00f5es por parte da v\u00edtima, enquanto Jos\u00e9 Caetano confessou ter ido ao local, mas nega ter entrado na resid\u00eancia, afirmando que quem cometeu o crime foi o outro indiv\u00edduo.<\/p>\n<p style=\"text-align: justify;\">&#8220;Ele afirma que o outro homem foi o executor do crime, por\u00e9m, Albertina relatou que tanto o homem quanto &#8220;Beto&#8221; s\u00e3o os executores, o que \u00e9 mais prov\u00e1vel, pois a per\u00edcia foi at\u00e9 o local e constatou que foram utilizadas no crime duas armas, al\u00e9m de facas e peda\u00e7os de pau. Agora ser\u00e1 solicitado a pris\u00e3o tempor\u00e1ria dos dois e as dilig\u00eancias ir\u00e3o continuar no intuito de prender esse outro indiv\u00edduo&#8221;, concluiu.<\/p>\n<p style=\"text-align: justify;\"><strong><em>Informa\u00e7\u00f5es da SSP\/SE<\/em><\/strong><\/p>\n<h2><strong>Acompanhe o SE Not\u00edcias no\u00a0<a href=\"https:\/\/twitter.com\/Senoticias\" target=\"_blank\">Twitter\u00a0<\/a>e no\u00a0<a href=\"https:\/\/www.facebook.com\/PortalSENoticias\" target=\"_blank\">Facebook<\/a><\/strong><\/h2>\n","protected":false},"excerpt":{"rendered":"<p>A Pol\u00edcia Civil de Sergipe, por meio da Coordenadoria da Pol\u00edcia Civil do Interior (Copci), apresentou na manh\u00e3 desta ter\u00e7a-feira, 29, Albertina Maciel Faustino Correia, 46 anos, e Jos\u00e9 Caetano da Rocha, 33, conhecido como &#8220;Beto da Oficina&#8221;, suspeitos de cometer homic\u00eddio contra o policial reformado Jos\u00e9 Alves Correia, morto a pauladas enquanto dormia no [&hellip;]<\/p>\n","protected":false},"author":1,"featured_media":84437,"comment_status":"closed","ping_status":"closed","sticky":false,"template":"","format":"standard","meta":{"footnotes":""},"categories":[310,7],"tags":[],"class_list":{"0":"post-84411","1":"post","2":"type-post","3":"status-publish","4":"format-standard","5":"has-post-thumbnail","7":"category-destaques-da-semana","8":"category-policia"},"_links":{"self":[{"href":"https:\/\/senoticias.com.br\/se\/wp-json\/wp\/v2\/posts\/84411"}],"collection":[{"href":"https:\/\/senoticias.com.br\/se\/wp-json\/wp\/v2\/posts"}],"about":[{"href":"https:\/\/senoticias.com.br\/se\/wp-json\/wp\/v2\/types\/post"}],"author":[{"embeddable":true,"href":"https:\/\/senoticias.com.br\/se\/wp-json\/wp\/v2\/users\/1"}],"replies":[{"embeddable":true,"href":"https:\/\/senoticias.com.br\/se\/wp-json\/wp\/v2\/comments?post=84411"}],"version-history":[{"count":0,"href":"https:\/\/senoticias.com.br\/se\/wp-json\/wp\/v2\/posts\/84411\/revisions"}],"wp:featuredmedia":[{"embeddable":true,"href":"https:\/\/senoticias.com.br\/se\/wp-json\/wp\/v2\/media\/84437"}],"wp:attachment":[{"href":"https:\/\/senoticias.com.br\/se\/wp-json\/wp\/v2\/media?parent=84411"}],"wp:term":[{"taxonomy":"category","embeddable":true,"href":"https:\/\/senoticias.com.br\/se\/wp-json\/wp\/v2\/categories?post=84411"},{"taxonomy":"post_tag","embeddable":true,"href":"https:\/\/senoticias.com.br\/se\/wp-json\/wp\/v2\/tags?post=84411"}],"curies":[{"name":"wp","href":"https:\/\/api.w.org\/{rel}","templated":true}]}}