{"id":84401,"date":"2015-09-28T11:54:36","date_gmt":"2015-09-28T14:54:36","guid":{"rendered":"http:\/\/senoticias.com.br\/se\/?p=84401"},"modified":"2015-09-29T21:05:37","modified_gmt":"2015-09-30T00:05:37","slug":"policia-federal-em-sergipe-apreende-uma-tonelada-de-maconha-na-divisa-entre-os-estados-de-sergipe-e-bahia","status":"publish","type":"post","link":"https:\/\/senoticias.com.br\/se\/policia-federal-em-sergipe-apreende-uma-tonelada-de-maconha-na-divisa-entre-os-estados-de-sergipe-e-bahia\/","title":{"rendered":"Pol\u00edcia Federal apreende uma tonelada de maconha na divisa entre os Estados de Sergipe e Bahia"},"content":{"rendered":"<p style=\"text-align: justify;\">Durante barreira policial realizada na madrugada do domingo, dia 27, na rodovia BR 101, divisa do Estado de Sergipe com a Bahia, foi apreendida uma tonelada de maconha que estava escondida em um fundo falso, previamente preparado, na carroceria de um caminh\u00e3o Mercedez Benz, placa ETH 6800\/SP.<\/p>\n<p>&nbsp;<\/p>\n<div id=\"attachment_84402\" style=\"width: 608px\" class=\"wp-caption aligncenter\"><a href=\"http:\/\/senoticias.com.br\/se\/wp-content\/uploads\/2015\/09\/IMG-20150927-WA0013-e1443451960547.jpg\"><img loading=\"lazy\" decoding=\"async\" aria-describedby=\"caption-attachment-84402\" class=\"size-full wp-image-84402\" alt=\"Pol\u00edcia Federal em Sergipe prende condutor de caminh\u00e3o, transportando uma tonelada de maconha na BR 101, divisa dos Estados de Sergipe e Bahia. (Foto: PF\/SE)\" src=\"http:\/\/senoticias.com.br\/se\/wp-content\/uploads\/2015\/09\/IMG-20150927-WA0013-e1443451960547.jpg\" width=\"598\" height=\"449\" \/><\/a><p id=\"caption-attachment-84402\" class=\"wp-caption-text\">Pol\u00edcia Federal em Sergipe prende condutor de caminh\u00e3o, transportando uma tonelada de maconha na BR 101, divisa dos Estados de Sergipe e Bahia. (Foto: PF\/SE)<\/p><\/div>\n<p style=\"text-align: justify;\">O condutor do caminh\u00e3o Jos\u00e9 dos Santos Oliveira, 54 anos de idade, natural de Brumado\/BA foi preso em flagrante e indiciado por Tr\u00e1fico Il\u00edcito de Entorpecentes, permanecendo custodiado no Complexo Penitenci\u00e1rio Advogado Antonio Jacinto Filho- COMPAJAF \u00e0 disposi\u00e7\u00e3o da Justi\u00e7a Estadual.<\/p>\n<p style=\"text-align: justify;\">A opera\u00e7\u00e3o foi realizada em desdobramento das investiga\u00e7\u00f5es que resultaram na apreens\u00e3o de duas toneladas de maconha, no dia 07 do corrente m\u00eas.<\/p>\n<p style=\"text-align: justify;\">No ano de 2015, a Pol\u00edcia Federal em Sergipe, intensificando os trabalhos de combate ao tr\u00e1fico il\u00edcito de entorpecentes, j\u00e1 realizou 35 pris\u00f5es, apreendendo 366 quilos de coca\u00edna\/crack e 8 (oito) toneladas de maconha. No ano de 2014, em 35 opera\u00e7\u00f5es de combate, foram realizadas 56 pris\u00f5es, e apreendidas aproximadas 3 toneladas de maconha e 550 quilos de coca\u00edna\/crack, al\u00e9m de 24 ve\u00edculos e 6 armas de fogo.<\/p>\n<p style=\"text-align: justify;\"><strong>Acompanhe o SE Not\u00edcias no\u00a0<a href=\"https:\/\/twitter.com\/Senoticias\" target=\"_blank\">Twitter\u00a0<\/a>e no\u00a0<a href=\"https:\/\/www.facebook.com\/PortalSENoticias\" target=\"_blank\">Facebook<\/a><\/strong><\/p>\n<p style=\"text-align: justify;\"><strong><em>Informa\u00e7\u00f5es da Assessoria de\u00a0Comunica\u00e7\u00e3o Social \u2013 SR\/SE<\/em><\/strong><\/p>\n<p align=\"right\">Comunica\u00e7\u00e3o Social \u2013 SR\/SE<\/p>\n","protected":false},"excerpt":{"rendered":"<p>Durante barreira policial realizada na madrugada do domingo, dia 27, na rodovia BR 101, divisa do Estado de Sergipe com a Bahia, foi apreendida uma tonelada de maconha que estava escondida em um fundo falso, previamente preparado, na carroceria de um caminh\u00e3o Mercedez Benz, placa ETH 6800\/SP. &nbsp; O condutor do caminh\u00e3o Jos\u00e9 dos Santos [&hellip;]<\/p>\n","protected":false},"author":1,"featured_media":84402,"comment_status":"closed","ping_status":"closed","sticky":false,"template":"","format":"standard","meta":{"footnotes":""},"categories":[15,310,7],"tags":[],"class_list":{"0":"post-84401","1":"post","2":"type-post","3":"status-publish","4":"format-standard","5":"has-post-thumbnail","7":"category-destaques","8":"category-destaques-da-semana","9":"category-policia"},"_links":{"self":[{"href":"https:\/\/senoticias.com.br\/se\/wp-json\/wp\/v2\/posts\/84401"}],"collection":[{"href":"https:\/\/senoticias.com.br\/se\/wp-json\/wp\/v2\/posts"}],"about":[{"href":"https:\/\/senoticias.com.br\/se\/wp-json\/wp\/v2\/types\/post"}],"author":[{"embeddable":true,"href":"https:\/\/senoticias.com.br\/se\/wp-json\/wp\/v2\/users\/1"}],"replies":[{"embeddable":true,"href":"https:\/\/senoticias.com.br\/se\/wp-json\/wp\/v2\/comments?post=84401"}],"version-history":[{"count":0,"href":"https:\/\/senoticias.com.br\/se\/wp-json\/wp\/v2\/posts\/84401\/revisions"}],"wp:featuredmedia":[{"embeddable":true,"href":"https:\/\/senoticias.com.br\/se\/wp-json\/wp\/v2\/media\/84402"}],"wp:attachment":[{"href":"https:\/\/senoticias.com.br\/se\/wp-json\/wp\/v2\/media?parent=84401"}],"wp:term":[{"taxonomy":"category","embeddable":true,"href":"https:\/\/senoticias.com.br\/se\/wp-json\/wp\/v2\/categories?post=84401"},{"taxonomy":"post_tag","embeddable":true,"href":"https:\/\/senoticias.com.br\/se\/wp-json\/wp\/v2\/tags?post=84401"}],"curies":[{"name":"wp","href":"https:\/\/api.w.org\/{rel}","templated":true}]}}