{"id":84398,"date":"2015-09-28T11:42:55","date_gmt":"2015-09-28T14:42:55","guid":{"rendered":"http:\/\/senoticias.com.br\/se\/?p=84398"},"modified":"2015-09-28T11:42:55","modified_gmt":"2015-09-28T14:42:55","slug":"nos-penaltis-ilha-fm-ganha-a-copa-dos-radialistas-2015","status":"publish","type":"post","link":"https:\/\/senoticias.com.br\/se\/nos-penaltis-ilha-fm-ganha-a-copa-dos-radialistas-2015\/","title":{"rendered":"Nos p\u00eanaltis, Ilha FM ganha a \u201cCopa dos Radialistas 2015\u201d"},"content":{"rendered":"<p style=\"text-align: justify;\">O time da Rede Ilha FM de Comunica\u00e7\u00e3o faturou o seu 4\u00ba t\u00edtulo no futebol society, e foi conta o time da R\u00e1dio Liberdade FM, que o time da Ilha FM sagrou-se campe\u00e3o da Copa dos Radialistas de Sergipe denominada \u201cJo\u00e3o Batista de Santana\u201d.<\/p>\n<p style=\"text-align: justify;\">\n<div id=\"attachment_84399\" style=\"width: 608px\" class=\"wp-caption aligncenter\"><a href=\"http:\/\/senoticias.com.br\/se\/wp-content\/uploads\/2015\/09\/ilha-e1443451280684.jpg\"><img loading=\"lazy\" decoding=\"async\" aria-describedby=\"caption-attachment-84399\" class=\"size-full wp-image-84399\" alt=\"Rede Ilha ganhou o trof\u00e9u levou o nome do saudoso radialista \u201cJo\u00e3o Batista de Santana\" src=\"http:\/\/senoticias.com.br\/se\/wp-content\/uploads\/2015\/09\/ilha-e1443451280684.jpg\" width=\"598\" height=\"398\" \/><\/a><p id=\"caption-attachment-84399\" class=\"wp-caption-text\">Rede Ilha levou \u00a0o trof\u00e9u com o nome do saudoso radialista Jo\u00e3o Batista de Santana. (Foto: Marcos Couto)<\/p><\/div>\n<p style=\"text-align: justify;\">No tempo normal, o placar indicou 3 x 3. Mas, foi na disputada de penalidade m\u00e1xima, que os jogadores da Rede Ilha fizeram a diferen\u00e7a e ganharam da Liberdade FM por 3 X 1, com gols de ; Roberto Matheus, Cicero e Airton Lima. O gol da Liberdade FM, foi marcado por Saiolon. O terceiro lugar ficou para o time da Sele\u00e7\u00e3o de Est\u00e2ncia, que venceu por W x O, a sele\u00e7\u00e3o de Itabaiana que n\u00e3o compareceu ao campo. E como manda a regra, a Sele\u00e7\u00e3o de Est\u00e2ncia, marcou o \u00fanico gol de tiro livre, que apontou no placar 1 x 0 para o time de Est\u00e2ncia.<\/p>\n<p style=\"text-align: justify;\">\n<p style=\"text-align: justify;\">Ap\u00f3s a disputada no futebol, os Radialistas de Sergipe, Familiares, amigos e convidados do Sindicato dos Trabalhadores em Empresas de R\u00e1dio, Televis\u00e3o Aberta, por Assinatura e Publicidade do Estado de Sergipe (STERTS ), participaram da parte social, onde todos tiveram a oportunidade de brindar o dia comemorativo ao \u201cDIA DO RADIALISTA\u201d, historicamente comemorado nacionalmente, dia 21 de Setembro. E por meio de um projeto Lei Municipal de Aracaju de autoria do vereador, Jailton Santana, uma comemora\u00e7\u00e3o local.<\/p>\n<p style=\"text-align: justify;\">\n<p style=\"text-align: justify;\">O momento festivo aconteceu na sede do Sindicato dos Taxistas de Sergipe (Sintaxi), localizado na Avenida Tancredo Neves, zona Oeste de Aracaju. Onde aconteceram as premia\u00e7\u00f5es da Copa dos Radialistas, Shows Art\u00edsticos, Homenagens, sorteio de brindes e os comes e bebes.<\/p>\n<p style=\"text-align: justify;\">\u00a0Este ano, o trof\u00e9u de campe\u00e3o levou o nome do saudoso radialista \u201cJo\u00e3o Batista de Santana\u201d, que faleceu no dia 06 de junho de 2015, no Hospital de Urg\u00eancia de Sergipe (Huse). E que de acordo com o Sindicato dos Trabalhadores em Empresas de R\u00e1dio, Televis\u00e3o Aberta, por Assinatura e Publicidade do Estado de Sergipe (STERTS ), atrav\u00e9s da diretoria de esportes e da diretoria social, \u00e9 mais que justa a homenagem aquele que tanto contribuiu para radiofonia sergipana. O trof\u00e9u de 2\u00ba Lugar levou o nome do tamb\u00e9m saudoso, Fernando Pinto e o de 3\u00ba Lugar o saudoso, Jailton Oliveira.<\/p>\n<p style=\"text-align: justify;\">O presidente do sindicato dos Radialistas de Sergipe , Fernando Cabral, declarou que \u00a0a programa\u00e7\u00e3o saiu dentro do programado, sem problemas e com momentos inesquec\u00edveis de alegria e divers\u00e3o para todos que participaram de forma direta ou indiretamente \u201csem sombra de d\u00favidas, foi uma festa a altura daqueles que tanto contribuem para uma sociedade melhor\u201d, relata Cabral.<\/p>\n<p style=\"text-align: justify;\">\u201cTodos est\u00e3o de parab\u00e9ns, mais n\u00e3o poderia deixar de agradecer aqueles que se dedicaram na organiza\u00e7\u00e3o e apoio ao evento.\u00a0 A exemplo da programa\u00e7\u00e3o esportiva que ficou \u00e0 cargo do diretor de esportes do STERTS, Jos\u00e9 Carlos Nega\u00e7o, a parte social sob a coordena\u00e7\u00e3o do diretor, Alex Carvalho e a Comunica\u00e7\u00e3o Social a cargo do companheiro, Marcos Couto, que dentro do poss\u00edvel, divulgou as a\u00e7\u00f5es do sindicato e da programa\u00e7\u00e3o\u201d, explicou Fernando Cabral<\/p>\n<p style=\"text-align: justify;\">O Sindicato dos Radialistas de Sergipe, contou com apoio dos seguintes parceiros:<\/p>\n<p style=\"text-align: justify;\">Imprensa de Sergipe, Rede de Postos Presidente, Centro de Forma\u00e7\u00e3o de Condutores Vetor, das Lojas Ipanema e do Governo do Estado, atrav\u00e9s da Secretaria de Esporte e Turismo, Prefeitura de Aracaju, SKIBOM e Farm\u00e1cia Rodrigues, SAMU e o grande amigo J.CARLOS (o Mala\u00e7o) .<\/p>\n<p style=\"text-align: justify;\"><strong>Acompanhe o SE Not\u00edcias no\u00a0<a href=\"https:\/\/twitter.com\/Senoticias\" target=\"_blank\">Twitter\u00a0<\/a>e no\u00a0<a href=\"https:\/\/www.facebook.com\/PortalSENoticias\" target=\"_blank\">Facebook<\/a><\/strong><\/p>\n<p>Por: Marcos Couto\/ Ascom do STERTS<\/p>\n","protected":false},"excerpt":{"rendered":"<p>O time da Rede Ilha FM de Comunica\u00e7\u00e3o faturou o seu 4\u00ba t\u00edtulo no futebol society, e foi conta o time da R\u00e1dio Liberdade FM, que o time da Ilha FM sagrou-se campe\u00e3o da Copa dos Radialistas de Sergipe denominada \u201cJo\u00e3o Batista de Santana\u201d. No tempo normal, o placar indicou 3 x 3. Mas, foi [&hellip;]<\/p>\n","protected":false},"author":1,"featured_media":84399,"comment_status":"closed","ping_status":"closed","sticky":false,"template":"","format":"standard","meta":{"footnotes":""},"categories":[43],"tags":[],"class_list":{"0":"post-84398","1":"post","2":"type-post","3":"status-publish","4":"format-standard","5":"has-post-thumbnail","7":"category-voce-reporter"},"_links":{"self":[{"href":"https:\/\/senoticias.com.br\/se\/wp-json\/wp\/v2\/posts\/84398"}],"collection":[{"href":"https:\/\/senoticias.com.br\/se\/wp-json\/wp\/v2\/posts"}],"about":[{"href":"https:\/\/senoticias.com.br\/se\/wp-json\/wp\/v2\/types\/post"}],"author":[{"embeddable":true,"href":"https:\/\/senoticias.com.br\/se\/wp-json\/wp\/v2\/users\/1"}],"replies":[{"embeddable":true,"href":"https:\/\/senoticias.com.br\/se\/wp-json\/wp\/v2\/comments?post=84398"}],"version-history":[{"count":0,"href":"https:\/\/senoticias.com.br\/se\/wp-json\/wp\/v2\/posts\/84398\/revisions"}],"wp:featuredmedia":[{"embeddable":true,"href":"https:\/\/senoticias.com.br\/se\/wp-json\/wp\/v2\/media\/84399"}],"wp:attachment":[{"href":"https:\/\/senoticias.com.br\/se\/wp-json\/wp\/v2\/media?parent=84398"}],"wp:term":[{"taxonomy":"category","embeddable":true,"href":"https:\/\/senoticias.com.br\/se\/wp-json\/wp\/v2\/categories?post=84398"},{"taxonomy":"post_tag","embeddable":true,"href":"https:\/\/senoticias.com.br\/se\/wp-json\/wp\/v2\/tags?post=84398"}],"curies":[{"name":"wp","href":"https:\/\/api.w.org\/{rel}","templated":true}]}}