{"id":84395,"date":"2015-09-28T11:14:25","date_gmt":"2015-09-28T14:14:25","guid":{"rendered":"http:\/\/senoticias.com.br\/se\/?p=84395"},"modified":"2015-09-29T07:49:43","modified_gmt":"2015-09-29T10:49:43","slug":"papa-servidores-podem-negar-licenca-para-casamento-gay","status":"publish","type":"post","link":"https:\/\/senoticias.com.br\/se\/papa-servidores-podem-negar-licenca-para-casamento-gay\/","title":{"rendered":"Papa: servidores podem negar licen\u00e7a para casamento gay"},"content":{"rendered":"<p style=\"text-align: justify;\">O papa Francisco disse nesta segunda-feira que funcion\u00e1rios p\u00fablicos t\u00eam o &#8220;direito humano&#8221; de se recusarem a realizar alguns trabalhos, como emitir licen\u00e7as de casamento para homossexuais, caso isso viole sua consci\u00eancia.<\/p>\n<div id=\"attachment_84396\" style=\"width: 608px\" class=\"wp-caption aligncenter\"><a href=\"http:\/\/senoticias.com.br\/se\/wp-content\/uploads\/2015\/09\/papa.jpg\"><img loading=\"lazy\" decoding=\"async\" aria-describedby=\"caption-attachment-84396\" class=\"size-full wp-image-84396\" alt=\" Papa fala a rep\u00f3rteres na volta para casa ap\u00f3s viagem de dez dias.(Foto:TONY GENTILE \/ REUTERS)\" src=\"http:\/\/senoticias.com.br\/se\/wp-content\/uploads\/2015\/09\/papa-e1443449587950.jpg\" width=\"598\" height=\"359\" \/><\/a><p id=\"caption-attachment-84396\" class=\"wp-caption-text\"><br \/>Papa fala a rep\u00f3rteres na volta para casa ap\u00f3s viagem de dez dias.(Foto:TONY GENTILE \/ REUTERS)<\/p><\/div>\n<p style=\"text-align: justify;\">Falando a rep\u00f3rteres na volta para casa ap\u00f3s uma viagem de dez dias aos Estados Unidos e Cuba, Francisco tamb\u00e9m repetiu sua condena\u00e7\u00e3o a padres que abusaram sexualmente de crian\u00e7as, dizendo que as v\u00edtimas foram &#8220;esmagadas pelo mal&#8221;.<\/p>\n<p style=\"text-align: justify;\">Embora o pont\u00edfice argentino tenha comentado sobre temas que s\u00e3o motivo de debates pol\u00edticos nos Estados Unidos durante sua visita, ele nunca se referiu especificamente aos controversos casamentos de pessoas do mesmo sexo, que a Igreja \u00e9 firmemente contra.<\/p>\n<p style=\"text-align: justify;\">No voo de volta a Roma, ele foi perguntado se apoiava indiv\u00edduos, como funcion\u00e1rio do governo, que se recusam a acatar algumas leis, como a emiss\u00e3o de licen\u00e7as para casamentos gays.<\/p>\n<p style=\"text-align: justify;\">&#8211; A obje\u00e7\u00e3o de consci\u00eancia deve estar em toda estrutura jur\u00eddica porque \u00e9 um direito &#8211; disse Francisco.<\/p>\n<p style=\"text-align: justify;\">Anteriormente neste m\u00eas, uma funcion\u00e1ria municipal do Estado norte-americano de Kentucky, Kim Davis,\u00a0foi presa ap\u00f3s se recusar a emitir uma licen\u00e7a matrimonial para um casal gay, contrariando decis\u00e3o da Suprema Corte dos EUA que legalizou casamentos do mesmo sexo.<\/p>\n<p style=\"text-align: justify;\">Depois de cinco dias de pris\u00e3o, Kim deixou a delegacia ao lado de seu advogado e do pr\u00e9-candidato republicano \u00e0 presid\u00eancia Mike Huckabee. A secret\u00e1ria foi recebida por dezenas de \u201cf\u00e3s\u201d que seguravam cruzes brancas e gritavam palavras de apoio.<\/p>\n<p style=\"text-align: justify;\"><strong>Acompanhe o SE Not\u00edcias no\u00a0<a href=\"https:\/\/twitter.com\/Senoticias\" target=\"_blank\">Twitter\u00a0<\/a>e no\u00a0<a href=\"https:\/\/www.facebook.com\/PortalSENoticias\" target=\"_blank\">Facebook<\/a><\/strong><\/p>\n<p style=\"text-align: justify;\"><strong><em>Da Ag\u00eancia\u00a0REUTERS<\/em><\/strong><\/p>\n<p style=\"text-align: justify;\">\n","protected":false},"excerpt":{"rendered":"<p>O papa Francisco disse nesta segunda-feira que funcion\u00e1rios p\u00fablicos t\u00eam o &#8220;direito humano&#8221; de se recusarem a realizar alguns trabalhos, como emitir licen\u00e7as de casamento para homossexuais, caso isso viole sua consci\u00eancia. Falando a rep\u00f3rteres na volta para casa ap\u00f3s uma viagem de dez dias aos Estados Unidos e Cuba, Francisco tamb\u00e9m repetiu sua condena\u00e7\u00e3o [&hellip;]<\/p>\n","protected":false},"author":1,"featured_media":84396,"comment_status":"closed","ping_status":"closed","sticky":false,"template":"","format":"standard","meta":{"footnotes":""},"categories":[310,46],"tags":[],"class_list":{"0":"post-84395","1":"post","2":"type-post","3":"status-publish","4":"format-standard","5":"has-post-thumbnail","7":"category-destaques-da-semana","8":"category-religiao"},"_links":{"self":[{"href":"https:\/\/senoticias.com.br\/se\/wp-json\/wp\/v2\/posts\/84395"}],"collection":[{"href":"https:\/\/senoticias.com.br\/se\/wp-json\/wp\/v2\/posts"}],"about":[{"href":"https:\/\/senoticias.com.br\/se\/wp-json\/wp\/v2\/types\/post"}],"author":[{"embeddable":true,"href":"https:\/\/senoticias.com.br\/se\/wp-json\/wp\/v2\/users\/1"}],"replies":[{"embeddable":true,"href":"https:\/\/senoticias.com.br\/se\/wp-json\/wp\/v2\/comments?post=84395"}],"version-history":[{"count":0,"href":"https:\/\/senoticias.com.br\/se\/wp-json\/wp\/v2\/posts\/84395\/revisions"}],"wp:featuredmedia":[{"embeddable":true,"href":"https:\/\/senoticias.com.br\/se\/wp-json\/wp\/v2\/media\/84396"}],"wp:attachment":[{"href":"https:\/\/senoticias.com.br\/se\/wp-json\/wp\/v2\/media?parent=84395"}],"wp:term":[{"taxonomy":"category","embeddable":true,"href":"https:\/\/senoticias.com.br\/se\/wp-json\/wp\/v2\/categories?post=84395"},{"taxonomy":"post_tag","embeddable":true,"href":"https:\/\/senoticias.com.br\/se\/wp-json\/wp\/v2\/tags?post=84395"}],"curies":[{"name":"wp","href":"https:\/\/api.w.org\/{rel}","templated":true}]}}