{"id":83981,"date":"2015-09-15T13:34:49","date_gmt":"2015-09-15T16:34:49","guid":{"rendered":"http:\/\/senoticias.com.br\/se\/?p=83981"},"modified":"2015-09-16T11:05:08","modified_gmt":"2015-09-16T14:05:08","slug":"policia-prende-casal-e-recupera-veiculo-furtado-apos-tiroteio-no-jabutiana","status":"publish","type":"post","link":"https:\/\/senoticias.com.br\/se\/policia-prende-casal-e-recupera-veiculo-furtado-apos-tiroteio-no-jabutiana\/","title":{"rendered":"Pol\u00edcia prende casal e recupera ve\u00edculo furtado ap\u00f3s tiroteio no Jabutiana"},"content":{"rendered":"<div style=\"text-align: justify;\">A Pol\u00edcia Militar de Sergipe, atrav\u00e9s do Batalh\u00e3o de Pol\u00edcia de Choque (BPChq), prendeu Wesley da Concei\u00e7\u00e3o, 21 anos, e Alessandra Alves, 35 anos, por suspeita de furto, na noite da segunda-feira, 14, no bairro Jabutiana, na zona oeste capital.<\/div>\n<div style=\"text-align: justify;\">\n<div id=\"attachment_83982\" style=\"width: 608px\" class=\"wp-caption aligncenter\"><a href=\"http:\/\/senoticias.com.br\/se\/wp-content\/uploads\/2015\/09\/suspeitos-de-furto-e1442334944737.jpg\"><img loading=\"lazy\" decoding=\"async\" aria-describedby=\"caption-attachment-83982\" class=\"size-full wp-image-83982\" alt=\" Wesley da Concei\u00e7\u00e3o, 21 anos, e Alessandra Alves, 35 anos, por suspeita de furto\" src=\"http:\/\/senoticias.com.br\/se\/wp-content\/uploads\/2015\/09\/suspeitos-de-furto-e1442334944737.jpg\" width=\"598\" height=\"398\" \/><\/a><p id=\"caption-attachment-83982\" class=\"wp-caption-text\">Wesley da Concei\u00e7\u00e3o, 21 anos, e Alessandra Alves, 35 anos, suspeitos de furto. (Foto: PM\/SE<\/p><\/div>\n<\/div>\n<div style=\"text-align: justify;\"><\/div>\n<div style=\"text-align: justify;\">Por volta das 19h45, a equipe Pastor 07, comandada pelo sargento C\u00e9sar Matos, efetuava o policiamento ostensivo t\u00e1tico motorizado do Bairro Jabutiana, quando percebeu um ve\u00edculo Corsa, de cor cinza, com os far\u00f3is apagados, transitando na avenida Tancredo Neves. Ao avistar a guarni\u00e7\u00e3o, os suspeitos empreenderam fuga em dire\u00e7\u00e3o a uma \u00e1rea de matagal nas imedia\u00e7\u00f5es de uma faculdade da regi\u00e3o.<\/div>\n<div style=\"text-align: justify;\"><\/div>\n<div style=\"text-align: justify;\">Imediatamente, os policiais acompanharam os indiv\u00edduos, solicitando apoio a policiais do Batalh\u00e3o de Radiopatrulha, Grupamento Especial T\u00e1tico de Motos (Getam) e do pr\u00f3prio Batalh\u00e3o de Choque. Ao aproximar-se dos suspeitos, um deles desembarcou do ve\u00edculo e disparou contra os policiais, que prontamente revidaram a agress\u00e3o injusta.<\/div>\n<div style=\"text-align: justify;\"><\/div>\n<div style=\"text-align: justify;\">O indiv\u00edduo conseguiu fugir, adentrando ao matagal, enquanto outros dois foram detidos em flagrante no interior do ve\u00edculo, ap\u00f3s verbaliza\u00e7\u00e3o e abordagem. Wesley ainda tentou empreender fuga, mas foi contido pelos policiais. Ap\u00f3s dilig\u00eancias, foi constatado que o ve\u00edculo Corsa de placas JNJ-7129 fora furtado em frente a uma academia no bairro Atalaia, zona sul da capital. O caso foi encaminhado \u00e0 Delegacia Plantonista.<\/div>\n<div style=\"text-align: justify;\"><\/div>\n<div style=\"text-align: justify;\"><strong><strong>Acompanhe o SE Not\u00edcias no\u00a0<a href=\"https:\/\/twitter.com\/Senoticias\" target=\"_blank\">Twitter\u00a0<\/a>e no\u00a0<a href=\"https:\/\/www.facebook.com\/PortalSENoticias\" target=\"_blank\">Facebook<\/a><\/strong><\/strong><\/div>\n<div style=\"text-align: justify;\"><\/div>\n<div style=\"text-align: justify;\"><em><strong>Informa\u00e7\u00f5es da PM\/SE<\/strong><\/em><\/div>\n","protected":false},"excerpt":{"rendered":"<p>A Pol\u00edcia Militar de Sergipe, atrav\u00e9s do Batalh\u00e3o de Pol\u00edcia de Choque (BPChq), prendeu Wesley da Concei\u00e7\u00e3o, 21 anos, e Alessandra Alves, 35 anos, por suspeita de furto, na noite da segunda-feira, 14, no bairro Jabutiana, na zona oeste capital. Por volta das 19h45, a equipe Pastor 07, comandada pelo sargento C\u00e9sar Matos, efetuava o [&hellip;]<\/p>\n","protected":false},"author":1,"featured_media":83982,"comment_status":"closed","ping_status":"closed","sticky":false,"template":"","format":"standard","meta":{"footnotes":""},"categories":[7],"tags":[],"class_list":{"0":"post-83981","1":"post","2":"type-post","3":"status-publish","4":"format-standard","5":"has-post-thumbnail","7":"category-policia"},"_links":{"self":[{"href":"https:\/\/senoticias.com.br\/se\/wp-json\/wp\/v2\/posts\/83981"}],"collection":[{"href":"https:\/\/senoticias.com.br\/se\/wp-json\/wp\/v2\/posts"}],"about":[{"href":"https:\/\/senoticias.com.br\/se\/wp-json\/wp\/v2\/types\/post"}],"author":[{"embeddable":true,"href":"https:\/\/senoticias.com.br\/se\/wp-json\/wp\/v2\/users\/1"}],"replies":[{"embeddable":true,"href":"https:\/\/senoticias.com.br\/se\/wp-json\/wp\/v2\/comments?post=83981"}],"version-history":[{"count":0,"href":"https:\/\/senoticias.com.br\/se\/wp-json\/wp\/v2\/posts\/83981\/revisions"}],"wp:featuredmedia":[{"embeddable":true,"href":"https:\/\/senoticias.com.br\/se\/wp-json\/wp\/v2\/media\/83982"}],"wp:attachment":[{"href":"https:\/\/senoticias.com.br\/se\/wp-json\/wp\/v2\/media?parent=83981"}],"wp:term":[{"taxonomy":"category","embeddable":true,"href":"https:\/\/senoticias.com.br\/se\/wp-json\/wp\/v2\/categories?post=83981"},{"taxonomy":"post_tag","embeddable":true,"href":"https:\/\/senoticias.com.br\/se\/wp-json\/wp\/v2\/tags?post=83981"}],"curies":[{"name":"wp","href":"https:\/\/api.w.org\/{rel}","templated":true}]}}