{"id":83124,"date":"2015-08-20T12:57:00","date_gmt":"2015-08-20T15:57:00","guid":{"rendered":"http:\/\/senoticias.com.br\/se\/?p=83124"},"modified":"2015-08-20T12:57:00","modified_gmt":"2015-08-20T15:57:00","slug":"policia-encontra-carro-usado-por-grupo-que-explodiu-cashs-em-frei-paulo","status":"publish","type":"post","link":"https:\/\/senoticias.com.br\/se\/policia-encontra-carro-usado-por-grupo-que-explodiu-cashs-em-frei-paulo\/","title":{"rendered":"Pol\u00edcia encontra carro usado por grupo que explodiu cashs em Frei Paulo"},"content":{"rendered":"<div id=\"attachment_83125\" style=\"width: 293px\" class=\"wp-caption alignright\"><a href=\"http:\/\/senoticias.com.br\/se\/wp-content\/uploads\/2015\/08\/1_news_66_7de58467bbed7893dbfae52b7b99482d.jpg\"><img loading=\"lazy\" decoding=\"async\" aria-describedby=\"caption-attachment-83125\" class=\"size-medium wp-image-83125\" alt=\"Foto: Divulga\u00e7\u00e3o (PM)\" src=\"http:\/\/senoticias.com.br\/se\/wp-content\/uploads\/2015\/08\/1_news_66_7de58467bbed7893dbfae52b7b99482d-283x300.jpg\" width=\"283\" height=\"300\" srcset=\"https:\/\/senoticias.com.br\/se\/wp-content\/uploads\/2015\/08\/1_news_66_7de58467bbed7893dbfae52b7b99482d-283x300.jpg 283w, https:\/\/senoticias.com.br\/se\/wp-content\/uploads\/2015\/08\/1_news_66_7de58467bbed7893dbfae52b7b99482d-342x361.jpg 342w, https:\/\/senoticias.com.br\/se\/wp-content\/uploads\/2015\/08\/1_news_66_7de58467bbed7893dbfae52b7b99482d-300x317.jpg 300w, https:\/\/senoticias.com.br\/se\/wp-content\/uploads\/2015\/08\/1_news_66_7de58467bbed7893dbfae52b7b99482d-80x85.jpg 80w, https:\/\/senoticias.com.br\/se\/wp-content\/uploads\/2015\/08\/1_news_66_7de58467bbed7893dbfae52b7b99482d.jpg 473w\" sizes=\"(max-width: 283px) 100vw, 283px\" \/><\/a><p id=\"caption-attachment-83125\" class=\"wp-caption-text\">Foto: Divulga\u00e7\u00e3o (PM)<\/p><\/div>\n<p style=\"text-align: justify;\">Poucas horas depois da explos\u00e3o de cashs na ag\u00eancia do Banese em Frei Paulo, policiais militares encontraram um dos carros usados pelos criminosos na a\u00e7\u00e3o. O ve\u00edculo Palio de cor branca foi encontrado abandonado nas proximidades do povoado Fazendinha, na regi\u00e3o do munic\u00edpio em que ocorreu o crime.<\/p>\n<p style=\"text-align: justify;\">De acordo com tenente-coronel Chaves, do 3\u00ba Batalh\u00e3o da Pol\u00edcia Militar, o carro estava funcionando e foi levado para o batalh\u00e3o.<\/p>\n<p style=\"text-align: justify;\">Na madrugada desta quinta-feira (20), cerca de oito homens participaram de uma a\u00e7\u00e3o que destruiu parte da ag\u00eancia do Banese em Frei Paulo. Por l\u00e1, foram explodidos tr\u00eas cashs e, ao fugirem, os indiv\u00edduos utilizaram dois ve\u00edculos, um deles o Palio.<\/p>\n<p style=\"text-align: justify;\">As investiga\u00e7\u00f5es sobre o caso est\u00e3o sendo realizadas pelo Complexo de Opera\u00e7\u00f5es Policiais Especiais (Cope).<\/p>\n<p><em>Com informa\u00e7\u00f5es do Jornal da Cidade.Net<\/em><\/p>\n<p style=\"text-align: justify;\"><strong>Acompanhe o SE Not\u00edcias no <a href=\"https:\/\/twitter.com\/Senoticias\" target=\"_blank\">Twitter <\/a>e no <a href=\"https:\/\/www.facebook.com\/PortalSENoticias\" target=\"_blank\">Facebook<\/a><\/strong><\/p>\n","protected":false},"excerpt":{"rendered":"<p>Poucas horas depois da explos\u00e3o de cashs na ag\u00eancia do Banese em Frei Paulo, policiais militares encontraram um dos carros usados pelos criminosos na a\u00e7\u00e3o. O ve\u00edculo Palio de cor branca foi encontrado abandonado nas proximidades do povoado Fazendinha, na regi\u00e3o do munic\u00edpio em que ocorreu o crime. De acordo com tenente-coronel Chaves, do 3\u00ba [&hellip;]<\/p>\n","protected":false},"author":1,"featured_media":83125,"comment_status":"closed","ping_status":"closed","sticky":false,"template":"","format":"standard","meta":{"footnotes":""},"categories":[7],"tags":[],"class_list":{"0":"post-83124","1":"post","2":"type-post","3":"status-publish","4":"format-standard","5":"has-post-thumbnail","7":"category-policia"},"_links":{"self":[{"href":"https:\/\/senoticias.com.br\/se\/wp-json\/wp\/v2\/posts\/83124"}],"collection":[{"href":"https:\/\/senoticias.com.br\/se\/wp-json\/wp\/v2\/posts"}],"about":[{"href":"https:\/\/senoticias.com.br\/se\/wp-json\/wp\/v2\/types\/post"}],"author":[{"embeddable":true,"href":"https:\/\/senoticias.com.br\/se\/wp-json\/wp\/v2\/users\/1"}],"replies":[{"embeddable":true,"href":"https:\/\/senoticias.com.br\/se\/wp-json\/wp\/v2\/comments?post=83124"}],"version-history":[{"count":0,"href":"https:\/\/senoticias.com.br\/se\/wp-json\/wp\/v2\/posts\/83124\/revisions"}],"wp:featuredmedia":[{"embeddable":true,"href":"https:\/\/senoticias.com.br\/se\/wp-json\/wp\/v2\/media\/83125"}],"wp:attachment":[{"href":"https:\/\/senoticias.com.br\/se\/wp-json\/wp\/v2\/media?parent=83124"}],"wp:term":[{"taxonomy":"category","embeddable":true,"href":"https:\/\/senoticias.com.br\/se\/wp-json\/wp\/v2\/categories?post=83124"},{"taxonomy":"post_tag","embeddable":true,"href":"https:\/\/senoticias.com.br\/se\/wp-json\/wp\/v2\/tags?post=83124"}],"curies":[{"name":"wp","href":"https:\/\/api.w.org\/{rel}","templated":true}]}}