{"id":82361,"date":"2015-07-30T10:31:29","date_gmt":"2015-07-30T13:31:29","guid":{"rendered":"http:\/\/senoticias.com.br\/se\/?p=82361"},"modified":"2015-07-30T10:40:56","modified_gmt":"2015-07-30T13:40:56","slug":"seed-abre-seu-37o-polo-pre-universitario-em-poco-verde","status":"publish","type":"post","link":"https:\/\/senoticias.com.br\/se\/seed-abre-seu-37o-polo-pre-universitario-em-poco-verde\/","title":{"rendered":"Seed abre seu 37\u00ba Polo Pr\u00e9-Universit\u00e1rio, em Po\u00e7o Verde"},"content":{"rendered":"<p style=\"text-align: justify;\">Dando continuidade \u00e0 pol\u00edtica de expans\u00e3o do pr\u00e9-universit\u00e1rio da rede p\u00fablica para atender aos munic\u00edpios sergipanos, o governo de Sergipe, por meio da Secretaria de Estado da Educa\u00e7\u00e3o (Seed), chega \u00e0 regi\u00e3o centro-sul de Sergipe, com a instala\u00e7\u00e3o de mais um P\u00f3lo do programa, especificamente na cidade de Po\u00e7o Verde.<\/p>\n<p style=\"text-align: justify;\">O Programa Pr\u00e9-Universit\u00e1rio \u00e9 coordenado pelo Departamento de Apoio ao Sistema Educacional &#8211; DASE &#8211; e j\u00e1 possui 36 polos em todo o Estado, preparando os alunos para enfrentar a concorrida prova do Exame Nacional do Ensino M\u00e9dio (Enem). Com Po\u00e7o Verde, a Seed implanta seu 37\u00ba Polo no Estado.<\/p>\n<p style=\"text-align: justify;\">&#8220;O interesse da prefeitura \u00e9 compromisso do governo do Estado e n\u00f3s estamos viabilizando os meios para garantir que efetivamente os alunos estejam preparados para a prova do Enem e sigam com \u00eaxito na conquista dos seus sonhos&#8221;, destaca o diretor da Dase, F\u00e1bio Leite.<\/p>\n<div id=\"attachment_82363\" style=\"width: 608px\" class=\"wp-caption aligncenter\"><a href=\"http:\/\/senoticias.com.br\/se\/wp-content\/uploads\/2015\/07\/q10_1-e1438263387897.jpg\"><img loading=\"lazy\" decoding=\"async\" aria-describedby=\"caption-attachment-82363\" class=\"size-full wp-image-82363\" alt=\" Os interessados devem procurar a Sede da Secretaria Municipal de Educa\u00e7\u00e3o, localizada \u00e0 Rua Gerv\u00e1sio Vieria de Santana, s\/n, Centro, na cidade de Po\u00e7o Verde. (Foto:  Eug\u00eanio Barreto\/Seed)\" src=\"http:\/\/senoticias.com.br\/se\/wp-content\/uploads\/2015\/07\/q10_1-e1438263387897.jpg\" width=\"598\" height=\"449\" \/><\/a><p id=\"caption-attachment-82363\" class=\"wp-caption-text\">Os interessados devem procurar a Sede da Secretaria Municipal de Educa\u00e7\u00e3o, localizada \u00e0 Rua Gerv\u00e1sio Vieria de Santana, s\/n, Centro, na cidade de Po\u00e7o Verde. (Foto: Eug\u00eanio Barreto\/Seed)<\/p><\/div>\n<p style=\"text-align: justify;\">As inscri\u00e7\u00f5es est\u00e3o abertas e seguem at\u00e9 o dia 03 de agosto de 2015, exceto aos s\u00e1bados, domingos e feriados, das 08h \u00e0s 13h. Os interessados devem procurar a Sede da Secretaria Municipal de Educa\u00e7\u00e3o, localizada \u00e0 Rua Gerv\u00e1sio Vieria de Santana, s\/n, Centro, na cidade de Po\u00e7o Verde.<\/p>\n<p style=\"text-align: justify;\">S\u00e3o oferecidas 80 vagas no turno noturno, destinadas aos alunos concludentes ou egressos da rede p\u00fablica de ensino. Para efetuar a inscri\u00e7\u00e3o, ser\u00e1 necess\u00e1ria 01 foto 3&#215;4 recente, e a apresenta\u00e7\u00e3o do original e c\u00f3pia leg\u00edvel dos documentos: Carteira de Identidade; CPF; Certificado de Conclus\u00e3o do Ensino M\u00e9dio ou declara\u00e7\u00e3o atestando que o aluno est\u00e1 matriculado na 3\u00aa s\u00e9rie do Ensino M\u00e9dio em escola da Rede P\u00fablica de Ensino no ano de 2015; Comprovante de resid\u00eancia.<\/p>\n<p style=\"text-align: justify;\">Ao t\u00e9rmino do per\u00edodo de inscri\u00e7\u00f5es, de acordo com o Edital 10\/2015, se a quantidade de alunos inscritos for superior ao n\u00famero de vagas, ser\u00e1 realizado um sorteio p\u00fablico no dia 05 de agosto de 2015, \u00e0s 09h na sede da Secretaria Municipal de Educa\u00e7\u00e3o. O in\u00edcio das aulas est\u00e1 previsto para o dia 10 de agosto.<span style=\"color: #888888;\"><span style=\"color: #888888;\"><br clear=\"all\" \/><\/span><\/span><\/p>\n<p style=\"text-align: justify;\"><strong>Acompanhe o SE Not\u00edcias no <a href=\" https:\/\/twitter.com\/Senoticias\" target=\"_blank\">Twitter<\/a> e no <a href=\"  https:\/\/www.facebook.com\/PortalSENoticias\" target=\"_blank\">Facebook<\/a><\/strong><\/p>\n<p style=\"text-align: justify;\"><em><strong>Ascom\/Seed<\/strong><\/em><\/p>\n<div>\n<div id=\":pb\" tabindex=\"0\" role=\"button\" data-tooltip=\"Mostrar conte\u00fado cortado\"><img decoding=\"async\" alt=\"\" src=\"https:\/\/ssl.gstatic.com\/ui\/v1\/icons\/mail\/images\/cleardot.gif\" \/><\/div>\n<\/div>\n","protected":false},"excerpt":{"rendered":"<p>Dando continuidade \u00e0 pol\u00edtica de expans\u00e3o do pr\u00e9-universit\u00e1rio da rede p\u00fablica para atender aos munic\u00edpios sergipanos, o governo de Sergipe, por meio da Secretaria de Estado da Educa\u00e7\u00e3o (Seed), chega \u00e0 regi\u00e3o centro-sul de Sergipe, com a instala\u00e7\u00e3o de mais um P\u00f3lo do programa, especificamente na cidade de Po\u00e7o Verde. O Programa Pr\u00e9-Universit\u00e1rio \u00e9 coordenado [&hellip;]<\/p>\n","protected":false},"author":1,"featured_media":82363,"comment_status":"closed","ping_status":"closed","sticky":false,"template":"","format":"standard","meta":{"footnotes":""},"categories":[26],"tags":[],"class_list":{"0":"post-82361","1":"post","2":"type-post","3":"status-publish","4":"format-standard","5":"has-post-thumbnail","7":"category-esportes"},"_links":{"self":[{"href":"https:\/\/senoticias.com.br\/se\/wp-json\/wp\/v2\/posts\/82361"}],"collection":[{"href":"https:\/\/senoticias.com.br\/se\/wp-json\/wp\/v2\/posts"}],"about":[{"href":"https:\/\/senoticias.com.br\/se\/wp-json\/wp\/v2\/types\/post"}],"author":[{"embeddable":true,"href":"https:\/\/senoticias.com.br\/se\/wp-json\/wp\/v2\/users\/1"}],"replies":[{"embeddable":true,"href":"https:\/\/senoticias.com.br\/se\/wp-json\/wp\/v2\/comments?post=82361"}],"version-history":[{"count":0,"href":"https:\/\/senoticias.com.br\/se\/wp-json\/wp\/v2\/posts\/82361\/revisions"}],"wp:featuredmedia":[{"embeddable":true,"href":"https:\/\/senoticias.com.br\/se\/wp-json\/wp\/v2\/media\/82363"}],"wp:attachment":[{"href":"https:\/\/senoticias.com.br\/se\/wp-json\/wp\/v2\/media?parent=82361"}],"wp:term":[{"taxonomy":"category","embeddable":true,"href":"https:\/\/senoticias.com.br\/se\/wp-json\/wp\/v2\/categories?post=82361"},{"taxonomy":"post_tag","embeddable":true,"href":"https:\/\/senoticias.com.br\/se\/wp-json\/wp\/v2\/tags?post=82361"}],"curies":[{"name":"wp","href":"https:\/\/api.w.org\/{rel}","templated":true}]}}