{"id":82230,"date":"2015-07-27T14:34:20","date_gmt":"2015-07-27T17:34:20","guid":{"rendered":"http:\/\/senoticias.com.br\/se\/?p=82230"},"modified":"2015-07-27T14:34:20","modified_gmt":"2015-07-27T17:34:20","slug":"teto-de-quadra-de-colegio-de-nossa-senhora-das-dores-desaba","status":"publish","type":"post","link":"https:\/\/senoticias.com.br\/se\/teto-de-quadra-de-colegio-de-nossa-senhora-das-dores-desaba\/","title":{"rendered":"Teto de quadra de col\u00e9gio de Nossa Senhora das Dores desaba"},"content":{"rendered":"<div id=\"attachment_82232\" style=\"width: 568px\" class=\"wp-caption aligncenter\"><a href=\"http:\/\/senoticias.com.br\/se\/wp-content\/uploads\/2015\/07\/20150727023002296foto.png\"><img loading=\"lazy\" decoding=\"async\" aria-describedby=\"caption-attachment-82232\" class=\" wp-image-82232 \" alt=\"Teto de quadra de col\u00e9gio de Nossa Senhora das Dores desaba (Foto: Kethllen \/ Voc\u00ea na TV Sergipe) \" src=\"http:\/\/senoticias.com.br\/se\/wp-content\/uploads\/2015\/07\/20150727023002296foto.png\" width=\"558\" height=\"419\" srcset=\"https:\/\/senoticias.com.br\/se\/wp-content\/uploads\/2015\/07\/20150727023002296foto.png 620w, https:\/\/senoticias.com.br\/se\/wp-content\/uploads\/2015\/07\/20150727023002296foto-300x225.png 300w, https:\/\/senoticias.com.br\/se\/wp-content\/uploads\/2015\/07\/20150727023002296foto-342x256.png 342w, https:\/\/senoticias.com.br\/se\/wp-content\/uploads\/2015\/07\/20150727023002296foto-60x45.png 60w, https:\/\/senoticias.com.br\/se\/wp-content\/uploads\/2015\/07\/20150727023002296foto-150x113.png 150w, https:\/\/senoticias.com.br\/se\/wp-content\/uploads\/2015\/07\/20150727023002296foto-269x201.png 269w\" sizes=\"(max-width: 558px) 100vw, 558px\" \/><\/a><p id=\"caption-attachment-82232\" class=\"wp-caption-text\">Teto de quadra de col\u00e9gio de Nossa Senhora das Dores desaba (Foto: Kethllen \/ Voc\u00ea na TV Sergipe)<\/p><\/div>\n<p style=\"text-align: justify;\">O teto da quadra da Escola Estadual Fernando Azevedo, localizada no munic\u00edpio de Nossa Senhora das Dores, desabou no fim da manh\u00e3 desta segunda-feira (27). Na hora da queda, nenhum aluno estava no local.<\/p>\n<p style=\"text-align: justify;\">O assessor da Secretaria de Estado da Educa\u00e7\u00e3o (Seed), Elton Coelho, confirmou o desabamento e explicou que quadra est\u00e1 passando por uma reforma e que as obras est\u00e3o paralisadas.<\/p>\n<p style=\"text-align: justify;\">\u201cO local estava isolado, portanto ningu\u00e9m estava no local na hora do desabamento. A quadra est\u00e1 passando por reforma, mas a empresa contratada abandonou a obra. Estamos na fase de relicita\u00e7\u00e3o e outra empresa vai ser contratada para dar continuidade. Neste per\u00edodo, os alunos est\u00e3o praticando as atividades f\u00edsicas no gin\u00e1sio de esportes do munic\u00edpio\u201d.<\/p>\n<p style=\"text-align: justify;\">O assessor disse ainda que uma equipe da engenharia da Seed est\u00e1 se dirigindo ao local para fazer a per\u00edcia e investigar as causas do desabamento ainda hoje.<\/p>\n<p style=\"text-align: justify;\"><em>Com informa\u00e7\u00f5es de Fredson Navarro do G1 SE<\/em><\/p>\n<p style=\"text-align: justify;\"><strong>Acompanhe o SE Not\u00edcias no <a href=\"https:\/\/twitter.com\/Senoticias\" target=\"_blank\">Twitter <\/a>e no <a href=\"https:\/\/www.facebook.com\/PortalSENoticias\" target=\"_blank\">Facebook<\/a><\/strong><\/p>\n","protected":false},"excerpt":{"rendered":"<p>O teto da quadra da Escola Estadual Fernando Azevedo, localizada no munic\u00edpio de Nossa Senhora das Dores, desabou no fim da manh\u00e3 desta segunda-feira (27). Na hora da queda, nenhum aluno estava no local. O assessor da Secretaria de Estado da Educa\u00e7\u00e3o (Seed), Elton Coelho, confirmou o desabamento e explicou que quadra est\u00e1 passando por [&hellip;]<\/p>\n","protected":false},"author":1,"featured_media":82232,"comment_status":"closed","ping_status":"closed","sticky":false,"template":"","format":"standard","meta":{"footnotes":""},"categories":[38],"tags":[],"class_list":{"0":"post-82230","1":"post","2":"type-post","3":"status-publish","4":"format-standard","5":"has-post-thumbnail","7":"category-municipios"},"_links":{"self":[{"href":"https:\/\/senoticias.com.br\/se\/wp-json\/wp\/v2\/posts\/82230"}],"collection":[{"href":"https:\/\/senoticias.com.br\/se\/wp-json\/wp\/v2\/posts"}],"about":[{"href":"https:\/\/senoticias.com.br\/se\/wp-json\/wp\/v2\/types\/post"}],"author":[{"embeddable":true,"href":"https:\/\/senoticias.com.br\/se\/wp-json\/wp\/v2\/users\/1"}],"replies":[{"embeddable":true,"href":"https:\/\/senoticias.com.br\/se\/wp-json\/wp\/v2\/comments?post=82230"}],"version-history":[{"count":0,"href":"https:\/\/senoticias.com.br\/se\/wp-json\/wp\/v2\/posts\/82230\/revisions"}],"wp:featuredmedia":[{"embeddable":true,"href":"https:\/\/senoticias.com.br\/se\/wp-json\/wp\/v2\/media\/82232"}],"wp:attachment":[{"href":"https:\/\/senoticias.com.br\/se\/wp-json\/wp\/v2\/media?parent=82230"}],"wp:term":[{"taxonomy":"category","embeddable":true,"href":"https:\/\/senoticias.com.br\/se\/wp-json\/wp\/v2\/categories?post=82230"},{"taxonomy":"post_tag","embeddable":true,"href":"https:\/\/senoticias.com.br\/se\/wp-json\/wp\/v2\/tags?post=82230"}],"curies":[{"name":"wp","href":"https:\/\/api.w.org\/{rel}","templated":true}]}}