{"id":82219,"date":"2015-07-27T11:03:27","date_gmt":"2015-07-27T14:03:27","guid":{"rendered":"http:\/\/senoticias.com.br\/se\/?p=82219"},"modified":"2015-07-28T11:39:16","modified_gmt":"2015-07-28T14:39:16","slug":"oito-mortos-durante-acao-policial-na-bahia","status":"publish","type":"post","link":"https:\/\/senoticias.com.br\/se\/oito-mortos-durante-acao-policial-na-bahia\/","title":{"rendered":"Oito mortos durante a\u00e7\u00e3o policial na Bahia"},"content":{"rendered":"<p>&nbsp;<\/p>\n<p style=\"text-align: justify;\">Subiu para oito o n\u00famero de mortos na opera\u00e7\u00e3o conjunta que pol\u00edcia realiza desde a manh\u00e3 deste domingo (26) em Santa Cruz Cabr\u00e1lia e Porto Seguro. Pela manh\u00e3, seis homens, acusados de integrarem a fac\u00e7\u00e3o criminosa MPA, j\u00e1 haviam sido mortos em Cabr\u00e1lia. Nesta a\u00e7\u00e3o, os policiais apreenderam um fuzil AK-47, pistolas, rev\u00f3lver e coletes \u00e0 prova de bala. \u00c0 tarde, outros dois suspeitos foram mortos em Pindorama, no munic\u00edpio de Porto Seguro. Eles chegaram a ser trazidos para o Hospital Regional de Eun\u00e1polis, mas j\u00e1 chegaram mortos.<\/p>\n<div id=\"attachment_82220\" style=\"width: 510px\" class=\"wp-caption aligncenter\"><a href=\"http:\/\/senoticias.com.br\/se\/wp-content\/uploads\/2015\/07\/yyuy-500x331.jpg\"><img loading=\"lazy\" decoding=\"async\" aria-describedby=\"caption-attachment-82220\" class=\"size-full wp-image-82220\" alt=\"Subiu para oito o n\u00famero de mortos na opera\u00e7\u00e3o conjunta que pol\u00edcia realiza desde a manh\u00e3 deste domingo (26). (Foto: Divulga\u00e7\u00e3o\/PM\/BA)\" src=\"http:\/\/senoticias.com.br\/se\/wp-content\/uploads\/2015\/07\/yyuy-500x331.jpg\" width=\"500\" height=\"331\" srcset=\"https:\/\/senoticias.com.br\/se\/wp-content\/uploads\/2015\/07\/yyuy-500x331.jpg 500w, https:\/\/senoticias.com.br\/se\/wp-content\/uploads\/2015\/07\/yyuy-500x331-300x198.jpg 300w, https:\/\/senoticias.com.br\/se\/wp-content\/uploads\/2015\/07\/yyuy-500x331-342x226.jpg 342w\" sizes=\"(max-width: 500px) 100vw, 500px\" \/><\/a><p id=\"caption-attachment-82220\" class=\"wp-caption-text\">Subiu para oito o n\u00famero de mortos na opera\u00e7\u00e3o conjunta que pol\u00edcia realiza desde a manh\u00e3 deste domingo (26). (Foto: Divulga\u00e7\u00e3o\/PM\/BA)<\/p><\/div>\n<p style=\"text-align: justify;\">Os nomes dos mortos, bem como outros detalhes da opera\u00e7\u00e3o, ainda n\u00e3o foram divulgados pela pol\u00edcia. O que se sabe, at\u00e9 o momento, \u00e9 que na opera\u00e7\u00e3o em Cabr\u00e1lia morreram o bandido conhecido como \u2018Mavinho\u2019, apontado como participante do assalto na cidade de S\u00e3o Jos\u00e9 da Vit\u00f3ria que resultou na morte de um policial militar. O outro seria Thiago, irm\u00e3o do traficante Andr\u00e9 M\u00e1rcio de Jesus, o \u2018Buiu\u2019. Os corpos foram trazidos para o Instituto M\u00e9dico Legal de Eun\u00e1polis. Por conta das mortes, bandidos est\u00e3o impondo toque de recolher no bairro Mercado do Povo, em Porto Seguro.<\/p>\n<p><strong>Acompanhe o SE Not\u00edcias no <a href=\" https:\/\/twitter.com\/Senoticias\" target=\"_blank\">Twitter<\/a> e no <a href=\" https:\/\/www.facebook.com\/PortalSENoticias\" target=\"_blank\">Facebook<\/a><\/strong><\/p>\n<p><strong><em>Informa\u00e7\u00f5es da SSP\/BA<\/em><\/strong><\/p>\n","protected":false},"excerpt":{"rendered":"<p>&nbsp; Subiu para oito o n\u00famero de mortos na opera\u00e7\u00e3o conjunta que pol\u00edcia realiza desde a manh\u00e3 deste domingo (26) em Santa Cruz Cabr\u00e1lia e Porto Seguro. Pela manh\u00e3, seis homens, acusados de integrarem a fac\u00e7\u00e3o criminosa MPA, j\u00e1 haviam sido mortos em Cabr\u00e1lia. Nesta a\u00e7\u00e3o, os policiais apreenderam um fuzil AK-47, pistolas, rev\u00f3lver e [&hellip;]<\/p>\n","protected":false},"author":1,"featured_media":82220,"comment_status":"closed","ping_status":"closed","sticky":false,"template":"","format":"standard","meta":{"footnotes":""},"categories":[310,7],"tags":[],"class_list":{"0":"post-82219","1":"post","2":"type-post","3":"status-publish","4":"format-standard","5":"has-post-thumbnail","7":"category-destaques-da-semana","8":"category-policia"},"_links":{"self":[{"href":"https:\/\/senoticias.com.br\/se\/wp-json\/wp\/v2\/posts\/82219"}],"collection":[{"href":"https:\/\/senoticias.com.br\/se\/wp-json\/wp\/v2\/posts"}],"about":[{"href":"https:\/\/senoticias.com.br\/se\/wp-json\/wp\/v2\/types\/post"}],"author":[{"embeddable":true,"href":"https:\/\/senoticias.com.br\/se\/wp-json\/wp\/v2\/users\/1"}],"replies":[{"embeddable":true,"href":"https:\/\/senoticias.com.br\/se\/wp-json\/wp\/v2\/comments?post=82219"}],"version-history":[{"count":0,"href":"https:\/\/senoticias.com.br\/se\/wp-json\/wp\/v2\/posts\/82219\/revisions"}],"wp:featuredmedia":[{"embeddable":true,"href":"https:\/\/senoticias.com.br\/se\/wp-json\/wp\/v2\/media\/82220"}],"wp:attachment":[{"href":"https:\/\/senoticias.com.br\/se\/wp-json\/wp\/v2\/media?parent=82219"}],"wp:term":[{"taxonomy":"category","embeddable":true,"href":"https:\/\/senoticias.com.br\/se\/wp-json\/wp\/v2\/categories?post=82219"},{"taxonomy":"post_tag","embeddable":true,"href":"https:\/\/senoticias.com.br\/se\/wp-json\/wp\/v2\/tags?post=82219"}],"curies":[{"name":"wp","href":"https:\/\/api.w.org\/{rel}","templated":true}]}}