{"id":82216,"date":"2015-07-27T09:50:56","date_gmt":"2015-07-27T12:50:56","guid":{"rendered":"http:\/\/senoticias.com.br\/se\/?p=82216"},"modified":"2015-07-28T12:47:02","modified_gmt":"2015-07-28T15:47:02","slug":"professor-e-radialista-e-morto-dentro-de-escola","status":"publish","type":"post","link":"https:\/\/senoticias.com.br\/se\/professor-e-radialista-e-morto-dentro-de-escola\/","title":{"rendered":"Professor e radialista \u00e9 morto dentro de escola"},"content":{"rendered":"<div id=\"attachment_82217\" style=\"width: 310px\" class=\"wp-caption alignright\"><a href=\"http:\/\/senoticias.com.br\/se\/wp-content\/uploads\/2015\/07\/VIATURA-ITAMARAJU.jpg\"><img loading=\"lazy\" decoding=\"async\" aria-describedby=\"caption-attachment-82217\" class=\"size-medium wp-image-82217\" alt=\"Radialista foi morto dentro de escola. (Foto: Divulga\u00e7\u00e3o)\" src=\"http:\/\/senoticias.com.br\/se\/wp-content\/uploads\/2015\/07\/VIATURA-ITAMARAJU-300x221.jpg\" width=\"300\" height=\"221\" srcset=\"https:\/\/senoticias.com.br\/se\/wp-content\/uploads\/2015\/07\/VIATURA-ITAMARAJU-300x221.jpg 300w, https:\/\/senoticias.com.br\/se\/wp-content\/uploads\/2015\/07\/VIATURA-ITAMARAJU-342x252.jpg 342w, https:\/\/senoticias.com.br\/se\/wp-content\/uploads\/2015\/07\/VIATURA-ITAMARAJU-60x45.jpg 60w, https:\/\/senoticias.com.br\/se\/wp-content\/uploads\/2015\/07\/VIATURA-ITAMARAJU-90x65.jpg 90w, https:\/\/senoticias.com.br\/se\/wp-content\/uploads\/2015\/07\/VIATURA-ITAMARAJU.jpg 380w\" sizes=\"(max-width: 300px) 100vw, 300px\" \/><\/a><p id=\"caption-attachment-82217\" class=\"wp-caption-text\">Radialista foi morto dentro de escola. (Foto: Divulga\u00e7\u00e3o)<\/p><\/div>\n<p style=\"text-align: justify;\">O radialista Ivonaldo Batista foi assassinado na noite desta sexta-feira (24), em Itamaraju, na Bahia. O crime aconteceu no Col\u00e9gio Modelo Luiz Eduardo Magalh\u00e3es, no bairro Jaqueira. Na institui\u00e7\u00e3o de ensino, funciona um polo da UAB (Universidade Aberta do Brasil), onde o locutor cursava gradua\u00e7\u00e3o em Hist\u00f3ria. De acordo com o site Folha Baiana, informa\u00e7\u00f5es preliminares d\u00e3o conta que o homic\u00eddio foi praticado por dois jovens, que dispararam tr\u00eas tiros contra a cabe\u00e7a da v\u00edtima.<\/p>\n<p style=\"text-align: justify;\">Testemunhas afirmam que os assassinos estavam \u201crondando em frente \u00e0 institui\u00e7\u00e3o de ensino\u201d, quando Batista chegou ao port\u00e3o para atender um mototaxi que estava chegando no local. Neste momento, um dos suspeitos se aproximou e efetuou os disparos. Al\u00e9m de comunicador de r\u00e1dio, Ivonaldo Batista era servidor p\u00fablico da C\u00e2mara Municipal de Vereadores de Itamaraju.<\/p>\n<p style=\"text-align: justify;\">Na Casa, ele exercia a fun\u00e7\u00e3o de tutor do curso de Servi\u00e7o Social do n\u00facleo da Universidade Norte do Paran\u00e1 (Unopar) de Itamaraju, prestava consultoria de projetos para Associa\u00e7\u00e3o de Aposentados e Pensionistas de Itamaraju (AAPESBA) e era professor de hist\u00f3ria do Col\u00e9gio Ot\u00e1vio Mangabeira.<\/p>\n<p style=\"text-align: justify;\">O radialista dos quadros da Extremo Sul AM era ainda bacharel em Servi\u00e7o Social e pr\u00f3s graduado em projetos de desenvolvimento s\u00f3cio ambiental, al\u00e9m de acad\u00eamico do curso de Hist\u00f3ria da Universidade Estadual da Bahia (Uneb), atrav\u00e9s do polo da UAB, que funcionava no terceiro andar do Col\u00e9gio Modelo, palco do crime.<\/p>\n<p style=\"text-align: justify;\"><strong>Acompanhe o SE Not\u00edcias no <a href=\" https:\/\/twitter.com\/Senoticias\" target=\"_blank\">Twitter<\/a> e no <a href=\" https:\/\/www.facebook.com\/PortalSENoticias\" target=\"_blank\">Facebook<\/a><\/strong><\/p>\n<p style=\"text-align: justify;\"><strong><em>Informa\u00e7\u00f5es do Portal \u00a0Bahia Not\u00edcias<\/em><\/strong><\/p>\n","protected":false},"excerpt":{"rendered":"<p>O radialista Ivonaldo Batista foi assassinado na noite desta sexta-feira (24), em Itamaraju, na Bahia. O crime aconteceu no Col\u00e9gio Modelo Luiz Eduardo Magalh\u00e3es, no bairro Jaqueira. Na institui\u00e7\u00e3o de ensino, funciona um polo da UAB (Universidade Aberta do Brasil), onde o locutor cursava gradua\u00e7\u00e3o em Hist\u00f3ria. De acordo com o site Folha Baiana, informa\u00e7\u00f5es [&hellip;]<\/p>\n","protected":false},"author":1,"featured_media":82217,"comment_status":"closed","ping_status":"closed","sticky":false,"template":"","format":"standard","meta":{"footnotes":""},"categories":[7],"tags":[],"class_list":{"0":"post-82216","1":"post","2":"type-post","3":"status-publish","4":"format-standard","5":"has-post-thumbnail","7":"category-policia"},"_links":{"self":[{"href":"https:\/\/senoticias.com.br\/se\/wp-json\/wp\/v2\/posts\/82216"}],"collection":[{"href":"https:\/\/senoticias.com.br\/se\/wp-json\/wp\/v2\/posts"}],"about":[{"href":"https:\/\/senoticias.com.br\/se\/wp-json\/wp\/v2\/types\/post"}],"author":[{"embeddable":true,"href":"https:\/\/senoticias.com.br\/se\/wp-json\/wp\/v2\/users\/1"}],"replies":[{"embeddable":true,"href":"https:\/\/senoticias.com.br\/se\/wp-json\/wp\/v2\/comments?post=82216"}],"version-history":[{"count":0,"href":"https:\/\/senoticias.com.br\/se\/wp-json\/wp\/v2\/posts\/82216\/revisions"}],"wp:featuredmedia":[{"embeddable":true,"href":"https:\/\/senoticias.com.br\/se\/wp-json\/wp\/v2\/media\/82217"}],"wp:attachment":[{"href":"https:\/\/senoticias.com.br\/se\/wp-json\/wp\/v2\/media?parent=82216"}],"wp:term":[{"taxonomy":"category","embeddable":true,"href":"https:\/\/senoticias.com.br\/se\/wp-json\/wp\/v2\/categories?post=82216"},{"taxonomy":"post_tag","embeddable":true,"href":"https:\/\/senoticias.com.br\/se\/wp-json\/wp\/v2\/tags?post=82216"}],"curies":[{"name":"wp","href":"https:\/\/api.w.org\/{rel}","templated":true}]}}