{"id":82214,"date":"2015-07-27T09:26:44","date_gmt":"2015-07-27T12:26:44","guid":{"rendered":"http:\/\/senoticias.com.br\/se\/?p=82214"},"modified":"2016-09-30T01:51:29","modified_gmt":"2016-09-30T04:51:29","slug":"prtb-se-se-organiza-com-vistas-as-eleicoes-2016","status":"publish","type":"post","link":"https:\/\/senoticias.com.br\/se\/prtb-se-se-organiza-com-vistas-as-eleicoes-2016\/","title":{"rendered":"PRTB SE se organiza com vistas \u00e0s elei\u00e7\u00f5es 2016"},"content":{"rendered":"<div id=\"attachment_82215\" style=\"width: 310px\" class=\"wp-caption alignright\"><a href=\"http:\/\/senoticias.com.br\/se\/wp-content\/uploads\/2015\/07\/Anderson-de-tuca.jpg\"><img loading=\"lazy\" decoding=\"async\" aria-describedby=\"caption-attachment-82215\" class=\"size-medium wp-image-82215\" src=\"http:\/\/senoticias.com.br\/se\/wp-content\/uploads\/2015\/07\/Anderson-de-tuca-300x193.jpg\" alt=\"Presidente do PRTB Anderson de Tuca. ( Foto: Alberto Dutr\" width=\"300\" height=\"193\" srcset=\"https:\/\/senoticias.com.br\/se\/wp-content\/uploads\/2015\/07\/Anderson-de-tuca-300x193.jpg 300w, https:\/\/senoticias.com.br\/se\/wp-content\/uploads\/2015\/07\/Anderson-de-tuca-342x220.jpg 342w, https:\/\/senoticias.com.br\/se\/wp-content\/uploads\/2015\/07\/Anderson-de-tuca.jpg 500w\" sizes=\"(max-width: 300px) 100vw, 300px\" \/><\/a><p id=\"caption-attachment-82215\" class=\"wp-caption-text\">Presidente do PRTB Anderson de Tuca. ( Foto: Alberto Dutra<\/p><\/div>\n<p style=\"text-align: justify;\">A executiva estadual do Partido Renovador Trabalhista Brasileiro (PRTB), que tem \u00e0 frente, o vereador por Aracaju, Anderson de Tuca, j\u00e1 come\u00e7ou as tratativas para o fortalecimento do partido em todo o Estado. De acordo com o presidente, a sigla est\u00e1 buscando o crescimento para o pleito eleitoral do pr\u00f3ximo ano.<\/p>\n<p style=\"text-align: justify;\">Anderson, que esteve na semana passada em S\u00e3o Paulo, ao lado do presidente nacional do PRTB, Levy Fid\u00e9lix, afirmou que o partido tem como principal meta ser o diferencial e apresentar op\u00e7\u00f5es que possam ajudar na transforma\u00e7\u00e3o do Estado e do Pa\u00eds.<\/p>\n<p style=\"text-align: justify;\">E \u00e9 justamente com esse objetivo que o partido estar\u00e1 definido, nesta semana, as plen\u00e1rias que ser\u00e3o realizadas em todas as cidades de Sergipe.\u201cNosso objetivo \u00e9 fortalecer a sigla com novas filia\u00e7\u00f5es\u201d, afirmou Anderson destacando que novas lideran\u00e7as de todo o Estado est\u00e3o chegando ao partido para somar com o projeto.<br \/>\n<strong><br \/>\nElei\u00e7\u00f5es<\/strong><\/p>\n<p style=\"text-align: justify;\">Ainda de acordo com Anderson, uma das orienta\u00e7\u00f5es passadas pela executiva nacional foi para que o PRTB tenha candidatura pr\u00f3pria na majorit\u00e1ria nas principais cidades do Estado. \u201cIremos analisar todas as op\u00e7\u00f5es para que o partido seja fortalecido\u201d, afirmou o presidente estadual do PRTB, Anderson de Tuca.<\/p>\n<p style=\"text-align: justify;\"><strong>Acompanhe o SE Not\u00edcias no <a href=\" https:\/\/twitter.com\/Senoticias\" target=\"_blank\">Twitter <\/a>e no <a href=\" https:\/\/www.facebook.com\/PortalSENoticias\" target=\"_blank\">Facebook<\/a><\/strong><\/p>\n<p><strong><em>Da Assessoria Parlamentar\u00a0<\/em><\/strong><\/p>\n<p>&nbsp;<\/p>\n<p>&nbsp;<\/p>\n","protected":false},"excerpt":{"rendered":"<p>A executiva estadual do Partido Renovador Trabalhista Brasileiro (PRTB), que tem \u00e0 frente, o vereador por Aracaju, Anderson de Tuca, j\u00e1 come\u00e7ou as tratativas para o fortalecimento do partido em todo o Estado. De acordo com o presidente, a sigla est\u00e1 buscando o crescimento para o pleito eleitoral do pr\u00f3ximo ano. Anderson, que esteve na [&hellip;]<\/p>\n","protected":false},"author":1,"featured_media":82215,"comment_status":"closed","ping_status":"closed","sticky":false,"template":"","format":"standard","meta":{"footnotes":""},"categories":[1461,6],"tags":[],"class_list":{"0":"post-82214","1":"post","2":"type-post","3":"status-publish","4":"format-standard","5":"has-post-thumbnail","7":"category-eleicoes-2016","8":"category-politica"},"_links":{"self":[{"href":"https:\/\/senoticias.com.br\/se\/wp-json\/wp\/v2\/posts\/82214"}],"collection":[{"href":"https:\/\/senoticias.com.br\/se\/wp-json\/wp\/v2\/posts"}],"about":[{"href":"https:\/\/senoticias.com.br\/se\/wp-json\/wp\/v2\/types\/post"}],"author":[{"embeddable":true,"href":"https:\/\/senoticias.com.br\/se\/wp-json\/wp\/v2\/users\/1"}],"replies":[{"embeddable":true,"href":"https:\/\/senoticias.com.br\/se\/wp-json\/wp\/v2\/comments?post=82214"}],"version-history":[{"count":0,"href":"https:\/\/senoticias.com.br\/se\/wp-json\/wp\/v2\/posts\/82214\/revisions"}],"wp:featuredmedia":[{"embeddable":true,"href":"https:\/\/senoticias.com.br\/se\/wp-json\/wp\/v2\/media\/82215"}],"wp:attachment":[{"href":"https:\/\/senoticias.com.br\/se\/wp-json\/wp\/v2\/media?parent=82214"}],"wp:term":[{"taxonomy":"category","embeddable":true,"href":"https:\/\/senoticias.com.br\/se\/wp-json\/wp\/v2\/categories?post=82214"},{"taxonomy":"post_tag","embeddable":true,"href":"https:\/\/senoticias.com.br\/se\/wp-json\/wp\/v2\/tags?post=82214"}],"curies":[{"name":"wp","href":"https:\/\/api.w.org\/{rel}","templated":true}]}}