{"id":82211,"date":"2015-07-26T12:14:32","date_gmt":"2015-07-26T15:14:32","guid":{"rendered":"http:\/\/senoticias.com.br\/se\/?p=82211"},"modified":"2015-07-27T18:46:36","modified_gmt":"2015-07-27T21:46:36","slug":"iml-registra-sete-corpos-nas-ultimas-24-horas-em-sergipe","status":"publish","type":"post","link":"https:\/\/senoticias.com.br\/se\/iml-registra-sete-corpos-nas-ultimas-24-horas-em-sergipe\/","title":{"rendered":"IML registra sete corpos nas \u00faltimas horas em Sergipe"},"content":{"rendered":"<p><em><strong>Por Aldaci de Souza*<\/strong><\/em><\/p>\n<p style=\"text-align: justify;\">Sete corpos foram registrados pelo Instituto M\u00e9dico Legal (IM\/SE), nas \u00faltimas horas, entre eles, dois vitimados por uma colis\u00e3o frontal no final da tarde deste s\u00e1bado, 25 na Br-101, munic\u00edpio de Ros\u00e1rio do Catete. Fam\u00edlia retornava de Aracaju para Arapiraca (Al), quando bateu de frente em outros carro.<\/p>\n<div id=\"attachment_82212\" style=\"width: 608px\" class=\"wp-caption aligncenter\"><a href=\"http:\/\/senoticias.com.br\/se\/wp-content\/uploads\/2015\/07\/grande-acidente_osvaldo_aranha_divulgacao_samu_260715-e1437923554659.jpg\"><img loading=\"lazy\" decoding=\"async\" aria-describedby=\"caption-attachment-82212\" class=\"size-full wp-image-82212\" alt=\"V\u00edtima de atropelamento na Av. Osvaldo Aranha ainda n\u00e3o foi identificada (Foto: Divulga\u00e7\u00e3o Grupo WatsApp Samu)\" src=\"http:\/\/senoticias.com.br\/se\/wp-content\/uploads\/2015\/07\/grande-acidente_osvaldo_aranha_divulgacao_samu_260715-e1437923554659.jpg\" width=\"598\" height=\"397\" \/><\/a><p id=\"caption-attachment-82212\" class=\"wp-caption-text\">V\u00edtima de atropelamento na Av. Osvaldo Aranha ainda n\u00e3o foi identificada (Foto: Divulga\u00e7\u00e3o Grupo WatsApp Samu)<\/p><\/div>\n<p style=\"text-align: justify;\">Na manh\u00e3 deste domingo, 26, familiares da senhora Leozina Rodrigues, 65, compareceram ao IML para liberar o corpo e contaram que ela seguia de Aracaju para a cidade alagoana de Arapiraca em um ve\u00edculo conduzido pelo neto, quando aconteceu o acidente, que deixou duas v\u00edtimas fatais. No ve\u00edculo [um Fiesta], tamb\u00e9m viajava um beb\u00ea, que n\u00e3o se machucou. N\u00e3o houve v\u00edtimas no outro carro.<\/p>\n<p><strong>Outros<\/strong><\/p>\n<p style=\"text-align: justify;\">Itam\u00e1 Santos Oliveira, 25 morreu v\u00edtima de arma branca no munic\u00edpio de Nossa Senhora das Dores; Ad\u00edlio Alves de Oliveira, 30, foi v\u00edtima de arma de fogo em Itabaiana; Alexandro Dias da Silva, 36, v\u00edtima de arma de fog na Atalaia Nova.<\/p>\n<p style=\"text-align: justify;\">Um homem morreu atropelado na noite deste s\u00e1bado na Av. Osvaldo Aranha e o corpo continua no IML sem identifica\u00e7\u00e3o. Tamb\u00e9m sem identifica\u00e7\u00e3o, um corpo do sexo feminino, proveniente do Huse, v\u00edtima de arma branca.<\/p>\n<p><strong>Acompanhe o SE Not\u00edcias no <a href=\" https:\/\/twitter.com\/Senoticias\" target=\"_blank\">Twitter<\/a> e no <a href=\" https:\/\/www.facebook.com\/PortalSENoticias\" target=\"_blank\">Facebook<\/a><\/strong><\/p>\n<p style=\"text-align: justify;\"><strong>Por Aldaci de Souza,<a href=\"http:\/\/www.infonet.com.br\/cidade\/ler.asp?id=175485&amp;pagina=1\" target=\"_blank\"> Portal Infonet<\/a><\/strong><\/p>\n","protected":false},"excerpt":{"rendered":"<p>Por Aldaci de Souza* Sete corpos foram registrados pelo Instituto M\u00e9dico Legal (IM\/SE), nas \u00faltimas horas, entre eles, dois vitimados por uma colis\u00e3o frontal no final da tarde deste s\u00e1bado, 25 na Br-101, munic\u00edpio de Ros\u00e1rio do Catete. Fam\u00edlia retornava de Aracaju para Arapiraca (Al), quando bateu de frente em outros carro. Na manh\u00e3 deste [&hellip;]<\/p>\n","protected":false},"author":1,"featured_media":82212,"comment_status":"closed","ping_status":"closed","sticky":false,"template":"","format":"standard","meta":{"footnotes":""},"categories":[7],"tags":[],"class_list":{"0":"post-82211","1":"post","2":"type-post","3":"status-publish","4":"format-standard","5":"has-post-thumbnail","7":"category-policia"},"_links":{"self":[{"href":"https:\/\/senoticias.com.br\/se\/wp-json\/wp\/v2\/posts\/82211"}],"collection":[{"href":"https:\/\/senoticias.com.br\/se\/wp-json\/wp\/v2\/posts"}],"about":[{"href":"https:\/\/senoticias.com.br\/se\/wp-json\/wp\/v2\/types\/post"}],"author":[{"embeddable":true,"href":"https:\/\/senoticias.com.br\/se\/wp-json\/wp\/v2\/users\/1"}],"replies":[{"embeddable":true,"href":"https:\/\/senoticias.com.br\/se\/wp-json\/wp\/v2\/comments?post=82211"}],"version-history":[{"count":0,"href":"https:\/\/senoticias.com.br\/se\/wp-json\/wp\/v2\/posts\/82211\/revisions"}],"wp:featuredmedia":[{"embeddable":true,"href":"https:\/\/senoticias.com.br\/se\/wp-json\/wp\/v2\/media\/82212"}],"wp:attachment":[{"href":"https:\/\/senoticias.com.br\/se\/wp-json\/wp\/v2\/media?parent=82211"}],"wp:term":[{"taxonomy":"category","embeddable":true,"href":"https:\/\/senoticias.com.br\/se\/wp-json\/wp\/v2\/categories?post=82211"},{"taxonomy":"post_tag","embeddable":true,"href":"https:\/\/senoticias.com.br\/se\/wp-json\/wp\/v2\/tags?post=82211"}],"curies":[{"name":"wp","href":"https:\/\/api.w.org\/{rel}","templated":true}]}}