{"id":82208,"date":"2015-07-26T11:45:32","date_gmt":"2015-07-26T14:45:32","guid":{"rendered":"http:\/\/senoticias.com.br\/se\/?p=82208"},"modified":"2015-07-26T11:50:15","modified_gmt":"2015-07-26T14:50:15","slug":"operacao-em-sao-cristovao-resulta-na-apreensao-de-tres-aparelhos-sonoros","status":"publish","type":"post","link":"https:\/\/senoticias.com.br\/se\/operacao-em-sao-cristovao-resulta-na-apreensao-de-tres-aparelhos-sonoros\/","title":{"rendered":"Opera\u00e7\u00e3o em S\u00e3o Crist\u00f3v\u00e3o resulta na apreens\u00e3o de tr\u00eas aparelhos sonoros"},"content":{"rendered":"<div id=\"attachment_82210\" style=\"width: 310px\" class=\"wp-caption alignright\"><a href=\"http:\/\/senoticias.com.br\/se\/wp-content\/uploads\/2015\/07\/crist\u00f3v\u00e3o.jpg\"><img loading=\"lazy\" decoding=\"async\" aria-describedby=\"caption-attachment-82210\" class=\"size-medium wp-image-82210\" alt=\"Pol\u00edcia  apreendeu tr\u00eas aparelhos sonoros automotivos durante opera\u00e7\u00e3o realizada no complexo Eduardo Gomes\/Rosa Elze. (Foto: Divulga\u00e7\u00e3o)\" src=\"http:\/\/senoticias.com.br\/se\/wp-content\/uploads\/2015\/07\/crist\u00f3v\u00e3o-300x230.jpg\" width=\"300\" height=\"230\" srcset=\"https:\/\/senoticias.com.br\/se\/wp-content\/uploads\/2015\/07\/crist\u00f3v\u00e3o-300x230.jpg 300w, https:\/\/senoticias.com.br\/se\/wp-content\/uploads\/2015\/07\/crist\u00f3v\u00e3o-342x262.jpg 342w, https:\/\/senoticias.com.br\/se\/wp-content\/uploads\/2015\/07\/crist\u00f3v\u00e3o-60x45.jpg 60w, https:\/\/senoticias.com.br\/se\/wp-content\/uploads\/2015\/07\/crist\u00f3v\u00e3o.jpg 495w\" sizes=\"(max-width: 300px) 100vw, 300px\" \/><\/a><p id=\"caption-attachment-82210\" class=\"wp-caption-text\">Pol\u00edcia apreendeu tr\u00eas aparelhos sonoros automotivos durante opera\u00e7\u00e3o realizada no complexo Eduardo Gomes\/Rosa Elze. (Foto: Divulga\u00e7\u00e3o)<\/p><\/div>\n<p style=\"text-align: justify;\">A Pol\u00edcia Militar, por meio da 1\u00aa Companhia do 1\u00ba Batalh\u00e3o de Pol\u00edcia Militar (1\u00aa Cia\/1\u00ba BPCom), apreendeu na noite de sexta-feira, 24, tr\u00eas aparelhos sonoros automotivos durante opera\u00e7\u00e3o realizada no complexo Eduardo Gomes\/Rosa Elze, cidade de S\u00e3o Crist\u00f3v\u00e3o.<\/p>\n<p style=\"text-align: justify;\">A a\u00e7\u00e3o aconteceu durante mais uma edi\u00e7\u00e3o da opera\u00e7\u00e3o de combate \u00e0 perturba\u00e7\u00e3o do trabalho e sossego alheio, sendo um aparelho apreendido no conjunto Lafaiete Coutinho e dois no conjunto Eduardo Gomes.<\/p>\n<p style=\"text-align: justify;\">\u201cEssa contraven\u00e7\u00e3o corresponde a mais de 60% dos acionamentos das nossas viaturas. Desde o in\u00edcio dessas opera\u00e7\u00f5es, j\u00e1 foram apreendidos e encaminhados ao Poder Judici\u00e1rio 14 aparelhos sonoros nos munic\u00edpios de S\u00e3o Crist\u00f3v\u00e3o e de Itaporanga D\u2019 Ajuda\u201d, destacou o capit\u00e3o F\u00e1bio Alc\u00e2ntara, comandante da 1\u00aa Cia\/1\u00ba BPCom.<\/p>\n<p style=\"text-align: justify;\">Al\u00e9m do transtorno causado \u00e0s v\u00edtimas desta pr\u00e1tica, este tipo de contraven\u00e7\u00e3o \u00e9 porta de entrada para outros crimes, como vias de fato, les\u00f5es corporais e at\u00e9 homic\u00eddios ocorridos atrav\u00e9s de conflitos entre os autores e as v\u00edtimas.<\/p>\n<p style=\"text-align: justify;\">\u201cQuando combatemos essa infra\u00e7\u00e3o, reduzimos outros crimes, criamos um clima de tranquilidade e sossego na \u00e1rea, bem como liberamos nossas viaturas para a realiza\u00e7\u00e3o de rondas e abordagens, proporcionando mais efici\u00eancia em nosso trabalho\u201d, refor\u00e7ou o capit\u00e3o Alc\u00e2ntara. Os casos foram encaminhados \u00e0 6\u00aa Delegacia Metropolitana.<\/p>\n<p style=\"text-align: justify;\">Penalidade &#8211;\u00a0A Perturba\u00e7\u00e3o do trabalho ou sossego alheios est\u00e1 prevista no artigo 42 da Lei de Contraven\u00e7\u00f5es Penais (Decreto-Lei n\u00ba .688\/41),\u00a0com\u00a0pena de pris\u00e3o simples, de quinze dias a tr\u00eas meses ou multa.<\/p>\n<p><strong>Acompanhe o SE Not\u00edcias no <a href=\" https:\/\/twitter.com\/Senoticias\" target=\"_blank\">Twitter<\/a> e no<a href=\" https:\/\/www.facebook.com\/PortalSENoticias\" target=\"_blank\"> Facebook<\/a><\/strong><\/p>\n<p>Informa\u00e7\u00f5es da PM\/SE<\/p>\n","protected":false},"excerpt":{"rendered":"<p>A Pol\u00edcia Militar, por meio da 1\u00aa Companhia do 1\u00ba Batalh\u00e3o de Pol\u00edcia Militar (1\u00aa Cia\/1\u00ba BPCom), apreendeu na noite de sexta-feira, 24, tr\u00eas aparelhos sonoros automotivos durante opera\u00e7\u00e3o realizada no complexo Eduardo Gomes\/Rosa Elze, cidade de S\u00e3o Crist\u00f3v\u00e3o. A a\u00e7\u00e3o aconteceu durante mais uma edi\u00e7\u00e3o da opera\u00e7\u00e3o de combate \u00e0 perturba\u00e7\u00e3o do trabalho e [&hellip;]<\/p>\n","protected":false},"author":1,"featured_media":82210,"comment_status":"closed","ping_status":"closed","sticky":false,"template":"","format":"standard","meta":{"footnotes":""},"categories":[7],"tags":[],"class_list":{"0":"post-82208","1":"post","2":"type-post","3":"status-publish","4":"format-standard","5":"has-post-thumbnail","7":"category-policia"},"_links":{"self":[{"href":"https:\/\/senoticias.com.br\/se\/wp-json\/wp\/v2\/posts\/82208"}],"collection":[{"href":"https:\/\/senoticias.com.br\/se\/wp-json\/wp\/v2\/posts"}],"about":[{"href":"https:\/\/senoticias.com.br\/se\/wp-json\/wp\/v2\/types\/post"}],"author":[{"embeddable":true,"href":"https:\/\/senoticias.com.br\/se\/wp-json\/wp\/v2\/users\/1"}],"replies":[{"embeddable":true,"href":"https:\/\/senoticias.com.br\/se\/wp-json\/wp\/v2\/comments?post=82208"}],"version-history":[{"count":0,"href":"https:\/\/senoticias.com.br\/se\/wp-json\/wp\/v2\/posts\/82208\/revisions"}],"wp:featuredmedia":[{"embeddable":true,"href":"https:\/\/senoticias.com.br\/se\/wp-json\/wp\/v2\/media\/82210"}],"wp:attachment":[{"href":"https:\/\/senoticias.com.br\/se\/wp-json\/wp\/v2\/media?parent=82208"}],"wp:term":[{"taxonomy":"category","embeddable":true,"href":"https:\/\/senoticias.com.br\/se\/wp-json\/wp\/v2\/categories?post=82208"},{"taxonomy":"post_tag","embeddable":true,"href":"https:\/\/senoticias.com.br\/se\/wp-json\/wp\/v2\/tags?post=82208"}],"curies":[{"name":"wp","href":"https:\/\/api.w.org\/{rel}","templated":true}]}}