{"id":82204,"date":"2015-07-26T11:01:13","date_gmt":"2015-07-26T14:01:13","guid":{"rendered":"http:\/\/senoticias.com.br\/se\/?p=82204"},"modified":"2015-07-28T11:05:05","modified_gmt":"2015-07-28T14:05:05","slug":"o-que-uma-vaca-diz-sobre-o-estado-de-nosso-jornalismo-investigativo","status":"publish","type":"post","link":"https:\/\/senoticias.com.br\/se\/o-que-uma-vaca-diz-sobre-o-estado-de-nosso-jornalismo-investigativo\/","title":{"rendered":"O que uma vaca diz sobre o estado de nosso \u201cjornalismo investigativo\u201d"},"content":{"rendered":"<div id=\"attachment_82207\" style=\"width: 310px\" class=\"wp-caption alignright\"><a href=\"http:\/\/senoticias.com.br\/se\/wp-content\/uploads\/2015\/07\/Captura-de-Tela-2015-07-25-\u00e0s-17.08.241.png\"><img loading=\"lazy\" decoding=\"async\" aria-describedby=\"caption-attachment-82207\" class=\"size-medium wp-image-82207\" alt=\"Odebrecht relaciona Vacari a obras. (Foto:Divulga\u00e7\u00e3o)\" src=\"http:\/\/senoticias.com.br\/se\/wp-content\/uploads\/2015\/07\/Captura-de-Tela-2015-07-25-\u00e0s-17.08.241-300x163.png\" width=\"300\" height=\"163\" srcset=\"https:\/\/senoticias.com.br\/se\/wp-content\/uploads\/2015\/07\/Captura-de-Tela-2015-07-25-\u00e0s-17.08.241-300x163.png 300w, https:\/\/senoticias.com.br\/se\/wp-content\/uploads\/2015\/07\/Captura-de-Tela-2015-07-25-\u00e0s-17.08.241-342x185.png 342w, https:\/\/senoticias.com.br\/se\/wp-content\/uploads\/2015\/07\/Captura-de-Tela-2015-07-25-\u00e0s-17.08.241.png 458w\" sizes=\"(max-width: 300px) 100vw, 300px\" \/><\/a><p id=\"caption-attachment-82207\" class=\"wp-caption-text\">Odebrecht relaciona Vacari a obras. (Foto:Divulga\u00e7\u00e3o)<\/p><\/div>\n<p style=\"text-align: justify;\">No \u00faltimo dia 22\u00a0<a href=\"http:\/\/politica.estadao.com.br\/blogs\/fausto-macedo\/anotacoes-de-marcelo-odebrecht-relacionam-vaccari-a-obras\/\"><strong>o Estad\u00e3o denunciou com grande alarde<\/strong>\u00a0<\/a>que o ex-tesoureiro do PT, Jo\u00e3o Vaccari, era citado em anota\u00e7\u00f5es descobertas pela Pol\u00edcia Federal nos celulares apreendidos de Marcelo Odebrecht.<\/p>\n<p style=\"text-align: justify;\">Diz o texto:<\/p>\n<blockquote>\n<p style=\"text-align: justify;\"><em>Relat\u00f3rio da Pol\u00edcia Federal sobre as anota\u00e7\u00f5es no telefone do presidente da Odebrecht Marcelo Odebrecht mostram que, em mais de uma ocasi\u00e3o, o maior empreiteiro do Pa\u00eds relacionou o nome do ex-tesoureiro do PT Jo\u00e3o Vaccari Neto a valores e a porcentagens ligadas obras da companhia.<\/em><\/p>\n<p style=\"text-align: justify;\"><em>Tanto Marcelo Odebrecht como Jo\u00e3o Vaccari est\u00e3o presos na Lava Jato sob suspeita de participarem do esquema de pagamento de propinas a diretores da Petrobr\u00e1s e a partidos pol\u00edticos respons\u00e1veis pelas indica\u00e7\u00f5es de cargos na estatal petrol\u00edfera. O ex-tesoureiro \u00e9 r\u00e9u em duas a\u00e7\u00f5es penais na Justi\u00e7a Federal no Paran\u00e1 e apontado pelos investigadores como o respons\u00e1vel por operar a cota de 1% dos valores dos contratos repassados como propina para o PT na diretoria de Servi\u00e7os da estatal.<\/em><\/p>\n<p style=\"text-align: justify;\"><em>No relat\u00f3rio de 31 p\u00e1ginas da Pol\u00edcia Federal chamou a aten\u00e7\u00e3o dos investigadores a utiliza\u00e7\u00e3o da palavra \u201cfeira\u201d em v\u00e1rios t\u00f3picos, e que posteriormente aparece relacionada a Jo\u00e3o Vaccari Neto. \u201cPresume-se que esteja diretamente relacionada a distribui\u00e7\u00e3o de valores para pagamentos de contas estranhas a opera\u00e7\u00e3o normal das atividades econ\u00f4micas do grupo Odebrecht, tal assertiva se baseia em anota\u00e7\u00f5es datadas de 09\/01\/2013, onde Marcelo utilizava tal palavra vinculando-a ao n\u00famero 40 e a Vaca (alus\u00e3o a Vaccari)\u201d, assinala a Pol\u00edcia Federal.<\/em><\/p>\n<\/blockquote>\n<p style=\"text-align: justify;\">O relat\u00f3rio a que se refere o\u00a0<em>Estad\u00e3o\u00a0<\/em><strong><a href=\"http:\/\/politica.estadao.com.br\/blogs\/fausto-macedo\/wp-content\/uploads\/sites\/41\/2015\/07\/relatoriotelefonemarceloodebrechtok11.pdf\">\u00e9 de autoria do policial federal Wiligton Gabriel Pereira<\/a><\/strong>, que aparentemente deu a interpreta\u00e7\u00e3o que bem entendeu \u00e0s anota\u00e7\u00f5es do empreiteiro.<\/p>\n<p style=\"text-align: justify;\">Notem que ele usa o \u201cpresume-se\u201d ao associar a \u201cvaca\u201d a Vaccari. Foi o suficiente para se tornar \u201cverdade factual\u201d merecedora de manchete contra o ex-tesoureiro do PT. O post do\u00a0<em>Estad\u00e3o<\/em>\u00a0foi ilustrado com duas fotos de petistas.<\/p>\n<p style=\"text-align: justify;\"><a href=\"https:\/\/verdadesobrevaccari.wordpress.com\/\"><strong>O blog que apresenta documentos da defesa de Vaccari notou<\/strong><\/a>: \u201cE vamos combinar: a rela\u00e7\u00e3o feita da palavra vaca ao Vaccari \u00e9 t\u00edpica de uma investiga\u00e7\u00e3o que n\u00e3o conseguiu sequer identificar sua cunhada, Marice Correa de Lima, nas imagens de um banco. Marice foi presa por engano\u00a0\u2013 ou por pura lamban\u00e7a \u2013 e teve sua imagem injustamente exposta ao espet\u00e1culo da m\u00eddia\u201d.<\/p>\n<p style=\"text-align: justify;\"><a href=\"http:\/\/politica.estadao.com.br\/blogs\/fausto-macedo\/vaca-no-celular-de-odebrecht-e-animal-de-r-22-milhoes-diz-defesa\/\"><strong>A defesa de Marcelo Odebrecht esclareceu<\/strong><\/a>: a \u201cvaca\u201d que aparece nas anota\u00e7\u00f5es do celular \u00e9 na verdade um animal, comprado numa feira agropecu\u00e1ria por R$ 2,2 milh\u00f5es.<\/p>\n<p style=\"text-align: justify;\">Mas o que mais chama a aten\u00e7\u00e3o neste caso \u00e9 o que o\u00a0<em>Estad\u00e3o<\/em>\u00a0DEIXOU de descobrir no relat\u00f3rio do policial Wiligton. Aquilo que internautas descobriram com facilidade: escondido sob as tarjas pretas, est\u00e1 o nome do senador tucano Jos\u00e9 Serra. Mais que isso: se a agenda de Marcelo Odebrecht de fato foi cumprida,\u00a0<a href=\"http:\/\/jornalggn.com.br\/noticia\/marcelo-odebrecht-reuniu-se-com-serra-no-escritorio-de-veronica\"><strong>ele teve dois encontros razoavelmente recentes com Serra<\/strong><\/a>, um deles no escrit\u00f3rio da filha Veronica. Isso talvez ajude a explicar outra anota\u00e7\u00e3o encontrada num dos celulares: \u201cAdiantar 15 p\/ JS\u201d.<\/p>\n<p style=\"text-align: justify;\">O que o\u00a0<em>Estad\u00e3o<\/em>\u00a0noticiou sobre isso, na nota em que acusou Vaccari? A frase seguinte: \u201cH\u00e1 ainda o t\u00f3pico\u00a0<em>notas antigas<\/em>, no qual surge refer\u00eancia\u00a0<em>adiantar 15 p\/JS<\/em>\u00a0e em seguida a anota\u00e7\u00e3o\u00a0<em>IPI at\u00e9 dez e pis\/Cofins at\u00e9 jan<\/em>. Ainda relacionado a este t\u00f3pico, h\u00e1 o t\u00edtulo\u00a0<em>Contribui\u00e7\u00e3o<\/em>, a partir do qual surgem v\u00e1rias refer\u00eancias de valores seguidas de siglas que a Pol\u00edcia Federal ainda n\u00e3o buscou identificar\u201d.<\/p>\n<p style=\"text-align: justify;\">Talvez o \u201cadiantar 15\u2033 n\u00e3o signifique nada, talvez aquele JS seja Jos\u00e9 da Silva, talvez os encontros entre Serra e Marcelo tenham sido para tratar de assuntos rotineiros.<\/p>\n<p style=\"text-align: justify;\">Nosso ponto \u00e9 que o\u00a0<em>Estad\u00e3o\u00a0<\/em>especulou \u00e0 vontade com a vaca do Wiligton, mas n\u00e3o teve a curiosidade de remover as tarjas e fazer o mesmo com o JS.<\/p>\n<p style=\"text-align: justify;\">N\u00e3o deixa de ser revelador do estado do \u201cjornalismo investigativo\u201d brasileiro, que na verdade \u00e9 mero reprodutor de vazamentos seletivos.<\/p>\n<p><strong>Acompanhe o SE Not\u00edcias no <a href=\" https:\/\/twitter.com\/Senoticias\" target=\"_blank\">Twitter <\/a>e no <a href=\" https:\/\/www.facebook.com\/PortalSENoticias\" target=\"_blank\">Facebook<\/a><\/strong><\/p>\n<p><strong><em>Reda\u00e7\u00e3o <a href=\"http:\/\/www.viomundo.com.br\/denuncias\/o-que-uma-vaca-diz-sobre-o-estado-de-nosso-jornalismo-investigativo.html\" target=\"_blank\">viomundo<\/a><\/em><\/strong><\/p>\n","protected":false},"excerpt":{"rendered":"<p>No \u00faltimo dia 22\u00a0o Estad\u00e3o denunciou com grande alarde\u00a0que o ex-tesoureiro do PT, Jo\u00e3o Vaccari, era citado em anota\u00e7\u00f5es descobertas pela Pol\u00edcia Federal nos celulares apreendidos de Marcelo Odebrecht. Diz o texto: Relat\u00f3rio da Pol\u00edcia Federal sobre as anota\u00e7\u00f5es no telefone do presidente da Odebrecht Marcelo Odebrecht mostram que, em mais de uma ocasi\u00e3o, o [&hellip;]<\/p>\n","protected":false},"author":3,"featured_media":82207,"comment_status":"closed","ping_status":"closed","sticky":false,"template":"","format":"standard","meta":{"footnotes":""},"categories":[6],"tags":[],"class_list":{"0":"post-82204","1":"post","2":"type-post","3":"status-publish","4":"format-standard","5":"has-post-thumbnail","7":"category-politica"},"_links":{"self":[{"href":"https:\/\/senoticias.com.br\/se\/wp-json\/wp\/v2\/posts\/82204"}],"collection":[{"href":"https:\/\/senoticias.com.br\/se\/wp-json\/wp\/v2\/posts"}],"about":[{"href":"https:\/\/senoticias.com.br\/se\/wp-json\/wp\/v2\/types\/post"}],"author":[{"embeddable":true,"href":"https:\/\/senoticias.com.br\/se\/wp-json\/wp\/v2\/users\/3"}],"replies":[{"embeddable":true,"href":"https:\/\/senoticias.com.br\/se\/wp-json\/wp\/v2\/comments?post=82204"}],"version-history":[{"count":0,"href":"https:\/\/senoticias.com.br\/se\/wp-json\/wp\/v2\/posts\/82204\/revisions"}],"wp:featuredmedia":[{"embeddable":true,"href":"https:\/\/senoticias.com.br\/se\/wp-json\/wp\/v2\/media\/82207"}],"wp:attachment":[{"href":"https:\/\/senoticias.com.br\/se\/wp-json\/wp\/v2\/media?parent=82204"}],"wp:term":[{"taxonomy":"category","embeddable":true,"href":"https:\/\/senoticias.com.br\/se\/wp-json\/wp\/v2\/categories?post=82204"},{"taxonomy":"post_tag","embeddable":true,"href":"https:\/\/senoticias.com.br\/se\/wp-json\/wp\/v2\/tags?post=82204"}],"curies":[{"name":"wp","href":"https:\/\/api.w.org\/{rel}","templated":true}]}}