{"id":82192,"date":"2015-07-24T21:37:24","date_gmt":"2015-07-25T00:37:24","guid":{"rendered":"http:\/\/senoticias.com.br\/se\/?p=82192"},"modified":"2015-07-24T21:38:01","modified_gmt":"2015-07-25T00:38:01","slug":"parte-do-revestimento-do-predio-do-inss-cai-sobre-taxi","status":"publish","type":"post","link":"https:\/\/senoticias.com.br\/se\/parte-do-revestimento-do-predio-do-inss-cai-sobre-taxi\/","title":{"rendered":"Parte do revestimento do pr\u00e9dio do INSS cai sobre t\u00e1xi"},"content":{"rendered":"<div id=\"attachment_82193\" style=\"width: 558px\" class=\"wp-caption aligncenter\"><a href=\"http:\/\/senoticias.com.br\/se\/wp-content\/uploads\/2015\/07\/capture-20150724-213310.png\"><img loading=\"lazy\" decoding=\"async\" aria-describedby=\"caption-attachment-82193\" class=\" wp-image-82193 \" alt=\"INSS est\u00e1 fechado desde 2012. (Foto: Reprodu\u00e7\u00e3o \/ TV Sergipe) \" src=\"http:\/\/senoticias.com.br\/se\/wp-content\/uploads\/2015\/07\/capture-20150724-213310.png\" width=\"548\" height=\"316\" srcset=\"https:\/\/senoticias.com.br\/se\/wp-content\/uploads\/2015\/07\/capture-20150724-213310.png 609w, https:\/\/senoticias.com.br\/se\/wp-content\/uploads\/2015\/07\/capture-20150724-213310-300x172.png 300w, https:\/\/senoticias.com.br\/se\/wp-content\/uploads\/2015\/07\/capture-20150724-213310-342x197.png 342w\" sizes=\"(max-width: 548px) 100vw, 548px\" \/><\/a><p id=\"caption-attachment-82193\" class=\"wp-caption-text\">INSS est\u00e1 fechado desde 2012. (Foto: Reprodu\u00e7\u00e3o \/ TV Sergipe)<\/p><\/div>\n<p style=\"text-align: justify;\">Parte do revestimento do pr\u00e9dio do INSS, no centro de Aracaju, caiu sobre um taxi nesta sexta-feira (24). O \u00f3rg\u00e3o que est\u00e1 fechado desde 2012, continua oferecendo riscos a popula\u00e7\u00e3o.<\/p>\n<p style=\"text-align: justify;\">Assessoria de comunica\u00e7\u00e3o do INSS voltou a enviar nota dizendo que na pr\u00f3xima segunda-feira (27), vai abrir processo de licita\u00e7\u00e3o para colocar uma tela protetora ao redor do pr\u00e9dio.<\/p>\n<p style=\"text-align: justify;\">Informou tamb\u00e9m que aguarda o contato do taxista prejudicado para cobrir os preju\u00edzos causados pelo acidente.<\/p>\n<p style=\"text-align: justify;\"><em>Com informa\u00e7\u00f5es do G1, em Sergipe<\/em><\/p>\n<p style=\"text-align: justify;\"><strong>Acompanhe o SE Not\u00edcias no <a href=\"https:\/\/twitter.com\/Senoticias\" target=\"_blank\">Twitter <\/a>e no <a href=\"https:\/\/www.facebook.com\/PortalSENoticias?ref=bookmarks\" target=\"_blank\">Facebook<\/a><\/strong><\/p>\n","protected":false},"excerpt":{"rendered":"<p>Parte do revestimento do pr\u00e9dio do INSS, no centro de Aracaju, caiu sobre um taxi nesta sexta-feira (24). O \u00f3rg\u00e3o que est\u00e1 fechado desde 2012, continua oferecendo riscos a popula\u00e7\u00e3o. Assessoria de comunica\u00e7\u00e3o do INSS voltou a enviar nota dizendo que na pr\u00f3xima segunda-feira (27), vai abrir processo de licita\u00e7\u00e3o para colocar uma tela protetora [&hellip;]<\/p>\n","protected":false},"author":1,"featured_media":82193,"comment_status":"closed","ping_status":"closed","sticky":false,"template":"","format":"standard","meta":{"footnotes":""},"categories":[38],"tags":[],"class_list":{"0":"post-82192","1":"post","2":"type-post","3":"status-publish","4":"format-standard","5":"has-post-thumbnail","7":"category-municipios"},"_links":{"self":[{"href":"https:\/\/senoticias.com.br\/se\/wp-json\/wp\/v2\/posts\/82192"}],"collection":[{"href":"https:\/\/senoticias.com.br\/se\/wp-json\/wp\/v2\/posts"}],"about":[{"href":"https:\/\/senoticias.com.br\/se\/wp-json\/wp\/v2\/types\/post"}],"author":[{"embeddable":true,"href":"https:\/\/senoticias.com.br\/se\/wp-json\/wp\/v2\/users\/1"}],"replies":[{"embeddable":true,"href":"https:\/\/senoticias.com.br\/se\/wp-json\/wp\/v2\/comments?post=82192"}],"version-history":[{"count":0,"href":"https:\/\/senoticias.com.br\/se\/wp-json\/wp\/v2\/posts\/82192\/revisions"}],"wp:featuredmedia":[{"embeddable":true,"href":"https:\/\/senoticias.com.br\/se\/wp-json\/wp\/v2\/media\/82193"}],"wp:attachment":[{"href":"https:\/\/senoticias.com.br\/se\/wp-json\/wp\/v2\/media?parent=82192"}],"wp:term":[{"taxonomy":"category","embeddable":true,"href":"https:\/\/senoticias.com.br\/se\/wp-json\/wp\/v2\/categories?post=82192"},{"taxonomy":"post_tag","embeddable":true,"href":"https:\/\/senoticias.com.br\/se\/wp-json\/wp\/v2\/tags?post=82192"}],"curies":[{"name":"wp","href":"https:\/\/api.w.org\/{rel}","templated":true}]}}