{"id":82188,"date":"2015-07-24T17:30:19","date_gmt":"2015-07-24T20:30:19","guid":{"rendered":"http:\/\/senoticias.com.br\/se\/?p=82188"},"modified":"2015-07-24T17:30:19","modified_gmt":"2015-07-24T20:30:19","slug":"governo-de-sergipe-convoca-33-novos-professores-para-rede-estadual","status":"publish","type":"post","link":"https:\/\/senoticias.com.br\/se\/governo-de-sergipe-convoca-33-novos-professores-para-rede-estadual\/","title":{"rendered":"Governo de Sergipe convoca 33 novos professores para rede estadual"},"content":{"rendered":"<div id=\"attachment_82189\" style=\"width: 310px\" class=\"wp-caption alignright\"><a href=\"http:\/\/senoticias.com.br\/se\/wp-content\/uploads\/2015\/07\/ab0f5bc67b5b456e01870bc076b5a13e.jpg\"><img loading=\"lazy\" decoding=\"async\" aria-describedby=\"caption-attachment-82189\" class=\"size-medium wp-image-82189\" alt=\"Foto: Divulga\u00e7\u00e3o \" src=\"http:\/\/senoticias.com.br\/se\/wp-content\/uploads\/2015\/07\/ab0f5bc67b5b456e01870bc076b5a13e-300x198.jpg\" width=\"300\" height=\"198\" srcset=\"https:\/\/senoticias.com.br\/se\/wp-content\/uploads\/2015\/07\/ab0f5bc67b5b456e01870bc076b5a13e-300x198.jpg 300w, https:\/\/senoticias.com.br\/se\/wp-content\/uploads\/2015\/07\/ab0f5bc67b5b456e01870bc076b5a13e-342x226.jpg 342w, https:\/\/senoticias.com.br\/se\/wp-content\/uploads\/2015\/07\/ab0f5bc67b5b456e01870bc076b5a13e.jpg 755w\" sizes=\"(max-width: 300px) 100vw, 300px\" \/><\/a><p id=\"caption-attachment-82189\" class=\"wp-caption-text\">Foto: Divulga\u00e7\u00e3o<\/p><\/div>\n<p style=\"text-align: justify;\">Com o objetivo de atender a demanda de docentes nas escolas da rede estadual, o Governo do Estado segue convocando professores de diversas disciplinas para atuarem nas Diretorias Regionais de Educa\u00e7\u00e3o (DRE\u2019s). Neste m\u00eas de julho, 33 novos profissionais est\u00e3o sendo convocados e dever\u00e3o passar pela per\u00edcia m\u00e9dica oficial entre os meses de agosto e setembro.<\/p>\n<p style=\"text-align: justify;\">As \u00e1reas contempladas pela convoca\u00e7\u00e3o variam entre portugu\u00eas, ingl\u00eas, espanhol, matem\u00e1tica, educa\u00e7\u00e3o f\u00edsica, entre outras. A educa\u00e7\u00e3o polivalente tamb\u00e9m tem sido contemplada. De acordo com Z\u00e9lia Ap\u00f3stolo, gerente geral de recrutamento e sele\u00e7\u00e3o do Governo do Estado, as convoca\u00e7\u00f5es s\u00e3o sempre realizadas pela Secretaria de Estado do Planejamento, Or\u00e7amento e Gest\u00e3o (Seplag), ap\u00f3s pr\u00e9via solicita\u00e7\u00e3o da Secretaria da Educa\u00e7\u00e3o (Seed). O Concurso do magist\u00e9rio estadual foi lan\u00e7ado em 2012 e tem validade at\u00e9 julho de 2016.<\/p>\n<p style=\"text-align: justify;\">A atual convoca\u00e7\u00e3o do concurso est\u00e1 baseada no inciso IV do Artigo 22 da Lei de Responsabilidade Fiscal. Tal dispositivo legal prescreve que \u00e9 poss\u00edvel a admiss\u00e3o de servidores p\u00fablicos em casos de reposi\u00e7\u00e3o devido \u00e0 aposentadoria ou falecimento de servidores das \u00e1reas de educa\u00e7\u00e3o, sa\u00fade e seguran\u00e7a.<\/p>\n<p style=\"text-align: justify;\"><strong>Documenta\u00e7\u00e3o<\/strong><\/p>\n<p style=\"text-align: justify;\">No ato da per\u00edcia, o candidato deve estar munido de c\u00f3pias e original do RG, CPF, certid\u00e3o de quita\u00e7\u00e3o eleitoral (emitida no portal do TRE), t\u00edtulo de eleitor, certid\u00e3o de antecedentes criminais (emitida pela Secretaria de Seguran\u00e7a P\u00fablica) e certificado de reservista (para homens).<\/p>\n<p style=\"text-align: justify;\">Todos os convocados dever\u00e3o ainda apresentar c\u00f3pia do cart\u00e3o cidad\u00e3o ou extrato do PIS\/PASEP, comprovante de resid\u00eancia, conta corrente do Banese (caso possua) e certificado de conclus\u00e3o do curso. Caso tenha filhos, levar certid\u00e3o de nascimento dos mesmos. Se j\u00e1 \u00e9 servidor p\u00fablico, apresentar certid\u00e3o constando n\u00e3o ter sofrido san\u00e7\u00f5es de natureza administrativas, civis ou penais.<\/p>\n<p style=\"text-align: justify;\"><strong>Exames e demais informa\u00e7\u00f5es<\/strong><\/p>\n<p style=\"text-align: justify;\">No ato da per\u00edcia, os nomeados tamb\u00e9m dever\u00e3o entregar os seguintes exames: hemograma, grupo sangu\u00edneo e fator RH, glicemia, sorologia para LUES (VDRL), sum\u00e1rio de urina, parasitol\u00f3gico de fezes, raio-x do t\u00f3rax (PA e perfil), ECG, videolaringoscopia, exame audiom\u00e9trico e avalia\u00e7\u00e3o psicol\u00f3gica (avaliar estado mental, incluindo aten\u00e7\u00e3o e racioc\u00ednio).<\/p>\n<p style=\"text-align: justify;\">Al\u00e9m desses exames, os candidatos acima de 40 anos tamb\u00e9m dever\u00e3o apresentar teste ergom\u00e9trico (substituindo o ECG) e lipidograma. Se do sexo masculino, realizar ainda avalia\u00e7\u00e3o prost\u00e1tica.<\/p>\n<p style=\"text-align: justify;\">Candidatos com defici\u00eancia devem apresentar relat\u00f3rio m\u00e9dico da especialidade envolvida no tipo de defici\u00eancia e exames complementares compat\u00edveis ao enquadramento como tal. Candidato deficiente visual dever\u00e1 apresentar em laudo oftalmol\u00f3gico a aferi\u00e7\u00e3o da acuidade visual e exame de campo visual computadorizado, de cada olho.<\/p>\n<p style=\"text-align: justify;\">Vale lembrar que o n\u00e3o comparecimento no prazo estabelecido importar\u00e1 na perda dos direitos decorrentes. \u00c9 necess\u00e1rio ainda que candidato observe a possibilidade de acumula\u00e7\u00e3o de cargos p\u00fablicos na Constitui\u00e7\u00e3o Federal, artigo 37, inciso XVI. Mais esclarecimentos podem ser obtidos atrav\u00e9s do n\u00famero (79) 3226-2242.<\/p>\n<p style=\"text-align: justify;\"><a href=\"http:\/\/www.seplag.se.gov.br\/index.php\/component\/content\/article\/98-concursos-e-selecoes\/1362-concurso-magisterio\" target=\"_blank\"><strong>Clique aqui<\/strong><\/a> para acessar todos os editais de convoca\u00e7\u00e3o do concurso para o magist\u00e9rio estadual.<\/p>\n<p style=\"text-align: justify;\"><em>Fonte: Ag\u00eancia Sergipe de Not\u00edcias<\/em><\/p>\n<p style=\"text-align: justify;\"><strong>Acompanhe o SE Not\u00edcias no <a href=\"https:\/\/twitter.com\/Senoticias\" target=\"_blank\">Twitter <\/a>e no <a href=\"https:\/\/www.facebook.com\/PortalSENoticias\" target=\"_blank\">Facebook<\/a><\/strong><\/p>\n","protected":false},"excerpt":{"rendered":"<p>Com o objetivo de atender a demanda de docentes nas escolas da rede estadual, o Governo do Estado segue convocando professores de diversas disciplinas para atuarem nas Diretorias Regionais de Educa\u00e7\u00e3o (DRE\u2019s). Neste m\u00eas de julho, 33 novos profissionais est\u00e3o sendo convocados e dever\u00e3o passar pela per\u00edcia m\u00e9dica oficial entre os meses de agosto e [&hellip;]<\/p>\n","protected":false},"author":1,"featured_media":82189,"comment_status":"closed","ping_status":"closed","sticky":false,"template":"","format":"standard","meta":{"footnotes":""},"categories":[44],"tags":[],"class_list":{"0":"post-82188","1":"post","2":"type-post","3":"status-publish","4":"format-standard","5":"has-post-thumbnail","7":"category-educacao"},"_links":{"self":[{"href":"https:\/\/senoticias.com.br\/se\/wp-json\/wp\/v2\/posts\/82188"}],"collection":[{"href":"https:\/\/senoticias.com.br\/se\/wp-json\/wp\/v2\/posts"}],"about":[{"href":"https:\/\/senoticias.com.br\/se\/wp-json\/wp\/v2\/types\/post"}],"author":[{"embeddable":true,"href":"https:\/\/senoticias.com.br\/se\/wp-json\/wp\/v2\/users\/1"}],"replies":[{"embeddable":true,"href":"https:\/\/senoticias.com.br\/se\/wp-json\/wp\/v2\/comments?post=82188"}],"version-history":[{"count":0,"href":"https:\/\/senoticias.com.br\/se\/wp-json\/wp\/v2\/posts\/82188\/revisions"}],"wp:featuredmedia":[{"embeddable":true,"href":"https:\/\/senoticias.com.br\/se\/wp-json\/wp\/v2\/media\/82189"}],"wp:attachment":[{"href":"https:\/\/senoticias.com.br\/se\/wp-json\/wp\/v2\/media?parent=82188"}],"wp:term":[{"taxonomy":"category","embeddable":true,"href":"https:\/\/senoticias.com.br\/se\/wp-json\/wp\/v2\/categories?post=82188"},{"taxonomy":"post_tag","embeddable":true,"href":"https:\/\/senoticias.com.br\/se\/wp-json\/wp\/v2\/tags?post=82188"}],"curies":[{"name":"wp","href":"https:\/\/api.w.org\/{rel}","templated":true}]}}