{"id":82185,"date":"2015-07-24T17:17:35","date_gmt":"2015-07-24T20:17:35","guid":{"rendered":"http:\/\/senoticias.com.br\/se\/?p=82185"},"modified":"2015-07-24T17:17:35","modified_gmt":"2015-07-24T20:17:35","slug":"projeto-verao-2016-ja-tem-data-e-programacao-prevista","status":"publish","type":"post","link":"https:\/\/senoticias.com.br\/se\/projeto-verao-2016-ja-tem-data-e-programacao-prevista\/","title":{"rendered":"Projeto Ver\u00e3o 2016 j\u00e1 tem data e programa\u00e7\u00e3o prevista"},"content":{"rendered":"<div id=\"attachment_82186\" style=\"width: 310px\" class=\"wp-caption alignright\"><a href=\"http:\/\/senoticias.com.br\/se\/wp-content\/uploads\/2015\/07\/phpThumb_cache_www.aracaju.se_.gov_.br_src075f7aca1d68e9b9afd4de5664ed1fc2_par32df3178023bb7b71a84b9034b5fa75e_dat1437749187.jpeg\"><img loading=\"lazy\" decoding=\"async\" aria-describedby=\"caption-attachment-82186\" class=\"size-medium wp-image-82186\" alt=\"Foto: Marcos Borges\" src=\"http:\/\/senoticias.com.br\/se\/wp-content\/uploads\/2015\/07\/phpThumb_cache_www.aracaju.se_.gov_.br_src075f7aca1d68e9b9afd4de5664ed1fc2_par32df3178023bb7b71a84b9034b5fa75e_dat1437749187-300x231.jpeg\" width=\"300\" height=\"231\" srcset=\"https:\/\/senoticias.com.br\/se\/wp-content\/uploads\/2015\/07\/phpThumb_cache_www.aracaju.se_.gov_.br_src075f7aca1d68e9b9afd4de5664ed1fc2_par32df3178023bb7b71a84b9034b5fa75e_dat1437749187-300x231.jpeg 300w, https:\/\/senoticias.com.br\/se\/wp-content\/uploads\/2015\/07\/phpThumb_cache_www.aracaju.se_.gov_.br_src075f7aca1d68e9b9afd4de5664ed1fc2_par32df3178023bb7b71a84b9034b5fa75e_dat1437749187-342x263.jpeg 342w, https:\/\/senoticias.com.br\/se\/wp-content\/uploads\/2015\/07\/phpThumb_cache_www.aracaju.se_.gov_.br_src075f7aca1d68e9b9afd4de5664ed1fc2_par32df3178023bb7b71a84b9034b5fa75e_dat1437749187-60x45.jpeg 60w, https:\/\/senoticias.com.br\/se\/wp-content\/uploads\/2015\/07\/phpThumb_cache_www.aracaju.se_.gov_.br_src075f7aca1d68e9b9afd4de5664ed1fc2_par32df3178023bb7b71a84b9034b5fa75e_dat1437749187.jpeg 749w\" sizes=\"(max-width: 300px) 100vw, 300px\" \/><\/a><p id=\"caption-attachment-82186\" class=\"wp-caption-text\">Foto: Marcos Borges<\/p><\/div>\n<p style=\"text-align: justify;\">A popula\u00e7\u00e3o do munic\u00edpio de Aracaju j\u00e1 pode ficar preparada para os eventos esportivos e culturais no pr\u00f3ximo ano porque acaba de ser divulgada a data e a programa\u00e7\u00e3o pr\u00e9via do Projeto Ver\u00e3o 2016. O evento ser\u00e1 realizado entre os dias 29 e 31 do m\u00eas de janeiro do ano que vem e contar\u00e1 com diversas atividades voltadas ao entretenimento, cultura, esporte e lazer para popula\u00e7\u00e3o. O projeto \u00e9 uma iniciativa da Prefeitura Municipal de Aracaju (PMA), atrav\u00e9s da Secretaria Municipal de Juventude e Esporte (Sejesp).<\/p>\n<p style=\"text-align: justify;\">As atividades ser\u00e3o realizadas durante todo o dia nas tr\u00eas datas, sendo divididos pelo dia a parte esportiva e lazer e a noite shows art\u00edsticos e apresenta\u00e7\u00f5es culturais. No primeiro dia, na sexta-feira, 29, est\u00e3o programadas atividades recreativas com os projetos sociais do munic\u00edpio de Aracaju e os Centros de Apoio Psicossocial (CAPs). Dentre elas, queimado, futebol e v\u00f4lei de areia, cabo de guerra, entre tantas outras recrea\u00e7\u00f5es. Al\u00e9m disso, haver\u00e1 oficinas de capoeira, pipa, confec\u00e7\u00e3o de jogos e pinturas.<\/p>\n<p style=\"text-align: justify;\">No s\u00e1bado, 30, o evento acontecer\u00e1 com o projeto social Estrela do Mar, destinado a crian\u00e7as com qualquer tipo de defici\u00eancia. Ser\u00e3o elaboradas atividades esportivas, como handebol de areia, futev\u00f4lei, bodyboard, al\u00e9m das apresenta\u00e7\u00f5es e aulas das academias de gin\u00e1stica. No \u00faltimo dia, domingo, 31, as atividades se encerram \u00e0s 12h, ap\u00f3s fim de semana intenso com entretenimento e divers\u00e3o aos participantes.<\/p>\n<p style=\"text-align: justify;\">Todo o evento ser\u00e1 realizado na Passarela do Caranguejo, localizada na Orla de Atalaia, em Aracaju. As inscri\u00e7\u00f5es ser\u00e3o realizadas na sede da Sejesp e ter\u00e3o informa\u00e7\u00f5es mais detalhadas divulgadas em breve.<\/p>\n<p style=\"text-align: justify;\"><em>Fonte: Ag\u00eancia Aracaju de Not\u00edcias<\/em><\/p>\n<p style=\"text-align: justify;\"><strong>Acompanhe o SE Not\u00edcias no <a href=\"https:\/\/twitter.com\/Senoticias\" target=\"_blank\">Twitter <\/a>e no <a href=\"https:\/\/www.facebook.com\/PortalSENoticias\" target=\"_blank\">Facebook<\/a><\/strong><\/p>\n","protected":false},"excerpt":{"rendered":"<p>A popula\u00e7\u00e3o do munic\u00edpio de Aracaju j\u00e1 pode ficar preparada para os eventos esportivos e culturais no pr\u00f3ximo ano porque acaba de ser divulgada a data e a programa\u00e7\u00e3o pr\u00e9via do Projeto Ver\u00e3o 2016. O evento ser\u00e1 realizado entre os dias 29 e 31 do m\u00eas de janeiro do ano que vem e contar\u00e1 com [&hellip;]<\/p>\n","protected":false},"author":1,"featured_media":82186,"comment_status":"closed","ping_status":"closed","sticky":false,"template":"","format":"standard","meta":{"footnotes":""},"categories":[1],"tags":[],"class_list":{"0":"post-82185","1":"post","2":"type-post","3":"status-publish","4":"format-standard","5":"has-post-thumbnail","7":"category-sem-categoria"},"_links":{"self":[{"href":"https:\/\/senoticias.com.br\/se\/wp-json\/wp\/v2\/posts\/82185"}],"collection":[{"href":"https:\/\/senoticias.com.br\/se\/wp-json\/wp\/v2\/posts"}],"about":[{"href":"https:\/\/senoticias.com.br\/se\/wp-json\/wp\/v2\/types\/post"}],"author":[{"embeddable":true,"href":"https:\/\/senoticias.com.br\/se\/wp-json\/wp\/v2\/users\/1"}],"replies":[{"embeddable":true,"href":"https:\/\/senoticias.com.br\/se\/wp-json\/wp\/v2\/comments?post=82185"}],"version-history":[{"count":0,"href":"https:\/\/senoticias.com.br\/se\/wp-json\/wp\/v2\/posts\/82185\/revisions"}],"wp:featuredmedia":[{"embeddable":true,"href":"https:\/\/senoticias.com.br\/se\/wp-json\/wp\/v2\/media\/82186"}],"wp:attachment":[{"href":"https:\/\/senoticias.com.br\/se\/wp-json\/wp\/v2\/media?parent=82185"}],"wp:term":[{"taxonomy":"category","embeddable":true,"href":"https:\/\/senoticias.com.br\/se\/wp-json\/wp\/v2\/categories?post=82185"},{"taxonomy":"post_tag","embeddable":true,"href":"https:\/\/senoticias.com.br\/se\/wp-json\/wp\/v2\/tags?post=82185"}],"curies":[{"name":"wp","href":"https:\/\/api.w.org\/{rel}","templated":true}]}}