{"id":82180,"date":"2015-07-24T17:07:10","date_gmt":"2015-07-24T20:07:10","guid":{"rendered":"http:\/\/senoticias.com.br\/se\/?p=82180"},"modified":"2015-07-27T10:58:33","modified_gmt":"2015-07-27T13:58:33","slug":"mulher-e-assassinada-pelo-ex-companheiro-na-cidade-de-aquidaba","status":"publish","type":"post","link":"https:\/\/senoticias.com.br\/se\/mulher-e-assassinada-pelo-ex-companheiro-na-cidade-de-aquidaba\/","title":{"rendered":"Mulher \u00e9 assassinada pelo ex-companheiro na cidade de Aquidab\u00e3"},"content":{"rendered":"<div id=\"attachment_82181\" style=\"width: 559px\" class=\"wp-caption aligncenter\"><a href=\"http:\/\/senoticias.com.br\/se\/wp-content\/uploads\/2015\/07\/conteudo_2_49351_20150724162227_55b290736f4d0.jpg\"><img loading=\"lazy\" decoding=\"async\" aria-describedby=\"caption-attachment-82181\" class=\" wp-image-82181  \" alt=\"Foto: Cedida pela SSP\" src=\"http:\/\/senoticias.com.br\/se\/wp-content\/uploads\/2015\/07\/conteudo_2_49351_20150724162227_55b290736f4d0.jpg\" width=\"549\" height=\"411\" srcset=\"https:\/\/senoticias.com.br\/se\/wp-content\/uploads\/2015\/07\/conteudo_2_49351_20150724162227_55b290736f4d0.jpg 610w, https:\/\/senoticias.com.br\/se\/wp-content\/uploads\/2015\/07\/conteudo_2_49351_20150724162227_55b290736f4d0-300x224.jpg 300w, https:\/\/senoticias.com.br\/se\/wp-content\/uploads\/2015\/07\/conteudo_2_49351_20150724162227_55b290736f4d0-342x256.jpg 342w, https:\/\/senoticias.com.br\/se\/wp-content\/uploads\/2015\/07\/conteudo_2_49351_20150724162227_55b290736f4d0-60x45.jpg 60w, https:\/\/senoticias.com.br\/se\/wp-content\/uploads\/2015\/07\/conteudo_2_49351_20150724162227_55b290736f4d0-150x113.jpg 150w, https:\/\/senoticias.com.br\/se\/wp-content\/uploads\/2015\/07\/conteudo_2_49351_20150724162227_55b290736f4d0-269x201.jpg 269w\" sizes=\"(max-width: 549px) 100vw, 549px\" \/><\/a><p id=\"caption-attachment-82181\" class=\"wp-caption-text\">Foto: Cedida pela SSP<\/p><\/div>\n<p style=\"text-align: justify;\">Nesta sexta-feira (24) Joseane Xavier Vieira, 35, foi assassinada no munic\u00edpio de Aquidab\u00e3, dentro da casa do ex-companheiro, Valdileno Gomes de S\u00e3o Matheus, 43 anos, mais conhecido como Valdileno da Ca\u00e7amba, funcion\u00e1rio da prefeitura.<\/p>\n<p style=\"text-align: justify;\">De acordo com informa\u00e7\u00f5es passadas pela pol\u00edcia, Joseane teria ido \u00e0 casa do ex-companheiro, nesta manh\u00e3, para buscar as roupas que ela havia deixado na resid\u00eancia, ap\u00f3s o fim do relacionamento. Ao chegar no local, ela foi abordada e, ap\u00f3s a discuss\u00e3o, Valdileno teria disparado 3 tiros contra a cabe\u00e7a da mulher.<\/p>\n<p>Os pais de Joseane presenciaram o epis\u00f3dio, tentaram impedir o crime, mas sem sucesso. A pol\u00edcia pede aux\u00edlio da popula\u00e7\u00e3o para encontrar e prender o suspeito, atrav\u00e9s do n\u00famero do Disque-Den\u00fancia (181).<\/p>\n<p style=\"text-align: justify;\"><em>Com informa\u00e7\u00f5es do A8SE<\/em><\/p>\n<p style=\"text-align: justify;\"><strong>Acompanhe o SE Not\u00edcias no <a href=\"https:\/\/twitter.com\/Senoticias\" target=\"_blank\">Twitter <\/a>e no <a href=\"https:\/\/www.facebook.com\/PortalSENoticias\" target=\"_blank\">Facebook<\/a><\/strong><\/p>\n","protected":false},"excerpt":{"rendered":"<p>Nesta sexta-feira (24) Joseane Xavier Vieira, 35, foi assassinada no munic\u00edpio de Aquidab\u00e3, dentro da casa do ex-companheiro, Valdileno Gomes de S\u00e3o Matheus, 43 anos, mais conhecido como Valdileno da Ca\u00e7amba, funcion\u00e1rio da prefeitura. De acordo com informa\u00e7\u00f5es passadas pela pol\u00edcia, Joseane teria ido \u00e0 casa do ex-companheiro, nesta manh\u00e3, para buscar as roupas que [&hellip;]<\/p>\n","protected":false},"author":1,"featured_media":82181,"comment_status":"closed","ping_status":"closed","sticky":false,"template":"","format":"standard","meta":{"footnotes":""},"categories":[7],"tags":[],"class_list":{"0":"post-82180","1":"post","2":"type-post","3":"status-publish","4":"format-standard","5":"has-post-thumbnail","7":"category-policia"},"_links":{"self":[{"href":"https:\/\/senoticias.com.br\/se\/wp-json\/wp\/v2\/posts\/82180"}],"collection":[{"href":"https:\/\/senoticias.com.br\/se\/wp-json\/wp\/v2\/posts"}],"about":[{"href":"https:\/\/senoticias.com.br\/se\/wp-json\/wp\/v2\/types\/post"}],"author":[{"embeddable":true,"href":"https:\/\/senoticias.com.br\/se\/wp-json\/wp\/v2\/users\/1"}],"replies":[{"embeddable":true,"href":"https:\/\/senoticias.com.br\/se\/wp-json\/wp\/v2\/comments?post=82180"}],"version-history":[{"count":0,"href":"https:\/\/senoticias.com.br\/se\/wp-json\/wp\/v2\/posts\/82180\/revisions"}],"wp:featuredmedia":[{"embeddable":true,"href":"https:\/\/senoticias.com.br\/se\/wp-json\/wp\/v2\/media\/82181"}],"wp:attachment":[{"href":"https:\/\/senoticias.com.br\/se\/wp-json\/wp\/v2\/media?parent=82180"}],"wp:term":[{"taxonomy":"category","embeddable":true,"href":"https:\/\/senoticias.com.br\/se\/wp-json\/wp\/v2\/categories?post=82180"},{"taxonomy":"post_tag","embeddable":true,"href":"https:\/\/senoticias.com.br\/se\/wp-json\/wp\/v2\/tags?post=82180"}],"curies":[{"name":"wp","href":"https:\/\/api.w.org\/{rel}","templated":true}]}}