{"id":82176,"date":"2015-07-24T16:59:47","date_gmt":"2015-07-24T19:59:47","guid":{"rendered":"http:\/\/senoticias.com.br\/se\/?p=82176"},"modified":"2015-07-24T17:02:16","modified_gmt":"2015-07-24T20:02:16","slug":"smtt-informa-mudanca-de-circulacao-nos-bairros-jardins-e-grageru","status":"publish","type":"post","link":"https:\/\/senoticias.com.br\/se\/smtt-informa-mudanca-de-circulacao-nos-bairros-jardins-e-grageru\/","title":{"rendered":"SMTT informa mudan\u00e7a de circula\u00e7\u00e3o nos bairros Jardins e Grageru"},"content":{"rendered":"<p style=\"text-align: justify;\">A Superintend\u00eancia Municipal de Transportes e Tr\u00e2nsito (SMTT), \u00f3rg\u00e3o vinculado \u00e0 Secretaria Municipal da Defesa Social e da Cidadania, informa mudan\u00e7a de circula\u00e7\u00e3o nos bairros Jardins e Grageru, a partir desta segunda-feira (27). As altera\u00e7\u00f5es visam ordenar o fluxo nas proximidades dos col\u00e9gios existentes na regi\u00e3o, ajudando na melhoria da Mobilidade Urbana e seguran\u00e7a dos que transitam nas regi\u00f5es.<\/p>\n<div id=\"attachment_82177\" style=\"width: 559px\" class=\"wp-caption aligncenter\"><a href=\"http:\/\/senoticias.com.br\/se\/wp-content\/uploads\/2015\/07\/conteudo_2_49349_20150724142538_55b275123a65f.jpg\"><img loading=\"lazy\" decoding=\"async\" aria-describedby=\"caption-attachment-82177\" class=\" wp-image-82177 \" alt=\"Foto: Divulga\u00e7\u00e3o\" src=\"http:\/\/senoticias.com.br\/se\/wp-content\/uploads\/2015\/07\/conteudo_2_49349_20150724142538_55b275123a65f.jpg\" width=\"549\" height=\"531\" srcset=\"https:\/\/senoticias.com.br\/se\/wp-content\/uploads\/2015\/07\/conteudo_2_49349_20150724142538_55b275123a65f.jpg 610w, https:\/\/senoticias.com.br\/se\/wp-content\/uploads\/2015\/07\/conteudo_2_49349_20150724142538_55b275123a65f-300x290.jpg 300w, https:\/\/senoticias.com.br\/se\/wp-content\/uploads\/2015\/07\/conteudo_2_49349_20150724142538_55b275123a65f-342x330.jpg 342w\" sizes=\"(max-width: 549px) 100vw, 549px\" \/><\/a><p id=\"caption-attachment-82177\" class=\"wp-caption-text\">Foto: Divulga\u00e7\u00e3o<\/p><\/div>\n<p style=\"text-align: justify;\"><strong>Jardins<\/strong><\/p>\n<p style=\"text-align: justify;\">Com a nova circula\u00e7\u00e3o, a rua Dr Jos\u00e9 Roberto Ribeiro passa a ter sentido \u00fanico no trecho entre as ruas Maria Alice O. Costa e Luiz da Hora Santos. As demais ruas permanecem com sentido duplo de circula\u00e7\u00e3o. Transformando as ruas mais movimentadas do bairro Jardins em vias de sentido \u00fanico, contribuindo para melhor fluidez e a diminui\u00e7\u00e3o de acidentes.<\/p>\n<p style=\"text-align: justify;\">Al\u00e9m disso, para evitar congestionamentos na av Ministro Geraldo Barreto Sobral, principalmente nos hor\u00e1rios de pico, o condutor que deseja ter acesso ao Col\u00e9gio Jardins, dever\u00e1 convergir na rua Maria Alice O. Costa e ter acesso ao col\u00e9gio pela rua Dr Jos\u00e9 Roberto Ribeiro.<\/p>\n<p style=\"text-align: justify;\">A coordenadora de sinaliza\u00e7\u00e3o da SMTT, Sheila Tereza, explica que a mudan\u00e7a trar\u00e1 uma melhora significativa no tr\u00e2nsito da regi\u00e3o nos hor\u00e1rios de pico. \u201cComo se trata de uma \u00e1rea escolar, o fluxo de ve\u00edculos aumenta consideravelmente nesses hor\u00e1rios. Com a nova circula\u00e7\u00e3o, esse fluxo ser\u00e1 desviado para a rua Dr Jos\u00e9 Roberto Ribeiro, que tem menos movimento do que a av Ministro Geraldo Barreto Sobral\u201d.<\/p>\n<div id=\"attachment_82178\" style=\"width: 310px\" class=\"wp-caption alignleft\"><a href=\"http:\/\/senoticias.com.br\/se\/wp-content\/uploads\/2015\/07\/conteudo_2_49349_20150724142538_55b2751280fa8.jpg\"><img loading=\"lazy\" decoding=\"async\" aria-describedby=\"caption-attachment-82178\" class=\"size-medium wp-image-82178\" alt=\"Foto: Divulga\u00e7\u00e3o \" src=\"http:\/\/senoticias.com.br\/se\/wp-content\/uploads\/2015\/07\/conteudo_2_49349_20150724142538_55b2751280fa8-300x288.jpg\" width=\"300\" height=\"288\" srcset=\"https:\/\/senoticias.com.br\/se\/wp-content\/uploads\/2015\/07\/conteudo_2_49349_20150724142538_55b2751280fa8-300x288.jpg 300w, https:\/\/senoticias.com.br\/se\/wp-content\/uploads\/2015\/07\/conteudo_2_49349_20150724142538_55b2751280fa8-342x329.jpg 342w, https:\/\/senoticias.com.br\/se\/wp-content\/uploads\/2015\/07\/conteudo_2_49349_20150724142538_55b2751280fa8.jpg 610w\" sizes=\"(max-width: 300px) 100vw, 300px\" \/><\/a><p id=\"caption-attachment-82178\" class=\"wp-caption-text\">Foto: Divulga\u00e7\u00e3o<\/p><\/div>\n<p style=\"text-align: justify;\"><strong>Grageru<\/strong><\/p>\n<p style=\"text-align: justify;\">As ruas mais movimentadas no entorno do Coesi tamb\u00e9m ser\u00e3o transformadas em vias de sentido \u00fanico, formando o sistema bin\u00e1rio na regi\u00e3o e diminuindo os transtornos no tr\u00e2nsito. A rua Oscar Valois Galv\u00e3o passar\u00e1 a ter sentido \u00fanico de circula\u00e7\u00e3o e fica proibido o estacionamento no lado esquerdo da via.<\/p>\n<p style=\"text-align: justify;\">Todas as altera\u00e7\u00f5es visam melhorar o fluxo, por isso, as ruas perpendiculares \u00e0 rua Oscar Valois Galv\u00e3o: professora Alda Piass\u00e1 e Jo\u00e3o Vieira de Aquino tamb\u00e9m passam a ter sentido \u00fanico. Apenas as ruas Vereador Rosalvo Silva e Amintas Diniz continuam com sentido duplo de circula\u00e7\u00e3o.<\/p>\n<p style=\"text-align: justify;\">De acordo com a coordenadora de sinaliza\u00e7\u00e3o da SMTT, Sheila Tereza, o sistema bin\u00e1rio implantado na regi\u00e3o vai melhorar a mobilidade urbana. \u201cA rua Oscar Valois Galv\u00e3o tem um fluxo intenso de ve\u00edculos e v\u00e1rios carros estacionam na lateral da via; com o bin\u00e1rio que ser\u00e1 formado na localidade e a proibi\u00e7\u00e3o de estacionamento na lateral esquerda da via, o tr\u00e2nsito vai fluir com mais facilidade. Quem transita diariamente por l\u00e1 sentir\u00e1 os efeitos da mudan\u00e7a logo nos primeiros dias\u201d, afirma a coordenadora.<\/p>\n<p style=\"text-align: justify;\">Toda a sinaliza\u00e7\u00e3o vertical foi revitalizada em ambas as regi\u00f5es, auxiliando os condutores que trafegam pelas localidades. Durante o per\u00edodo de adapta\u00e7\u00e3o \u00e0s mudan\u00e7as, agentes de tr\u00e2nsito estar\u00e3o diariamente nos locais orientando a popula\u00e7\u00e3o. Colabore e respeite a sinaliza\u00e7\u00e3o. Disque Tr\u00e2nsito-118.<\/p>\n<p style=\"text-align: justify;\"><em>Fonte: SMTT<\/em><\/p>\n<p style=\"text-align: justify;\"><strong>Acompanhe o SE Not\u00edcias no <a href=\"https:\/\/twitter.com\/Senoticias\" target=\"_blank\">Twitter <\/a>e no <a href=\"https:\/\/www.facebook.com\/PortalSENoticias\" target=\"_blank\">Facebook<\/a><\/strong><\/p>\n","protected":false},"excerpt":{"rendered":"<p>A Superintend\u00eancia Municipal de Transportes e Tr\u00e2nsito (SMTT), \u00f3rg\u00e3o vinculado \u00e0 Secretaria Municipal da Defesa Social e da Cidadania, informa mudan\u00e7a de circula\u00e7\u00e3o nos bairros Jardins e Grageru, a partir desta segunda-feira (27). As altera\u00e7\u00f5es visam ordenar o fluxo nas proximidades dos col\u00e9gios existentes na regi\u00e3o, ajudando na melhoria da Mobilidade Urbana e seguran\u00e7a dos [&hellip;]<\/p>\n","protected":false},"author":1,"featured_media":82177,"comment_status":"closed","ping_status":"closed","sticky":false,"template":"","format":"standard","meta":{"footnotes":""},"categories":[38],"tags":[],"class_list":{"0":"post-82176","1":"post","2":"type-post","3":"status-publish","4":"format-standard","5":"has-post-thumbnail","7":"category-municipios"},"_links":{"self":[{"href":"https:\/\/senoticias.com.br\/se\/wp-json\/wp\/v2\/posts\/82176"}],"collection":[{"href":"https:\/\/senoticias.com.br\/se\/wp-json\/wp\/v2\/posts"}],"about":[{"href":"https:\/\/senoticias.com.br\/se\/wp-json\/wp\/v2\/types\/post"}],"author":[{"embeddable":true,"href":"https:\/\/senoticias.com.br\/se\/wp-json\/wp\/v2\/users\/1"}],"replies":[{"embeddable":true,"href":"https:\/\/senoticias.com.br\/se\/wp-json\/wp\/v2\/comments?post=82176"}],"version-history":[{"count":0,"href":"https:\/\/senoticias.com.br\/se\/wp-json\/wp\/v2\/posts\/82176\/revisions"}],"wp:featuredmedia":[{"embeddable":true,"href":"https:\/\/senoticias.com.br\/se\/wp-json\/wp\/v2\/media\/82177"}],"wp:attachment":[{"href":"https:\/\/senoticias.com.br\/se\/wp-json\/wp\/v2\/media?parent=82176"}],"wp:term":[{"taxonomy":"category","embeddable":true,"href":"https:\/\/senoticias.com.br\/se\/wp-json\/wp\/v2\/categories?post=82176"},{"taxonomy":"post_tag","embeddable":true,"href":"https:\/\/senoticias.com.br\/se\/wp-json\/wp\/v2\/tags?post=82176"}],"curies":[{"name":"wp","href":"https:\/\/api.w.org\/{rel}","templated":true}]}}