{"id":82172,"date":"2015-07-24T14:22:23","date_gmt":"2015-07-24T17:22:23","guid":{"rendered":"http:\/\/senoticias.com.br\/se\/?p=82172"},"modified":"2015-07-27T09:51:26","modified_gmt":"2015-07-27T12:51:26","slug":"82172","status":"publish","type":"post","link":"https:\/\/senoticias.com.br\/se\/82172\/","title":{"rendered":"Cinco homens s\u00e3o presos suspeitos de roubo de gado em S\u00e3o Francisco"},"content":{"rendered":"<p style=\"text-align: justify;\">Ap\u00f3s oito meses de investiga\u00e7\u00e3o, uma equipe da Pol\u00edcia Civil, coordenada pelo delegado Ant\u00f4nio Wellington, efetuou a pris\u00e3o, na tarde dessa quinta-feira, 23, de cinco indiv\u00edduos suspeitos de envolvimento com a pr\u00e1tica de furto de gado. O quinteto foi preso no interior de uma resid\u00eancia situada no Assentamento Manoel Dion\u00edsio, no munic\u00edpio de S\u00e3o Francisco, distante 85 quil\u00f4metros da capital sergipana.<\/p>\n<div id=\"attachment_82174\" style=\"width: 608px\" class=\"wp-caption aligncenter\"><a href=\"http:\/\/senoticias.com.br\/se\/wp-content\/uploads\/2015\/07\/gado-e1437758672622.jpg\"><img loading=\"lazy\" decoding=\"async\" aria-describedby=\"caption-attachment-82174\" class=\"size-full wp-image-82174\" alt=\"Quinteto suspeito de furto de gado \u00e9 preso em S\u00e3o Francisco. (Foto: SSP\/SE)\" src=\"http:\/\/senoticias.com.br\/se\/wp-content\/uploads\/2015\/07\/gado-e1437758672622.jpg\" width=\"598\" height=\"336\" \/><\/a><p id=\"caption-attachment-82174\" class=\"wp-caption-text\">Quinteto suspeito de furto de gado \u00e9 preso em S\u00e3o Francisco. (Foto: SSP\/SE)<\/p><\/div>\n<p style=\"text-align: justify;\">Em entrevista coletiva realizada na manh\u00e3 desta sexta-feira, 24, na sede da Secretaria de Seguran\u00e7a P\u00fablica (SSP), o delegado Ant\u00f4nio Wellington apresentou detalhes sobre a opera\u00e7\u00e3o que culminou com a pris\u00e3o de Jo\u00e3o Leandro dos Santos, vulgo \u201cLeandro Cabe\u00e7\u00e3o\u201d, 22 anos, e Rodrigo dos Santos, vulgo \u201cChina\u201d, 22, l\u00edderes do bando; al\u00e9m de Adriano Bezerra dos Santos, vulgo \u201cAdriano Dadai\u201d, 28; M\u00e1rio S\u00e9rgio Gomes Silva, 40; e Jamisson Vieira Ara\u00fajo, vulgo \u201cJam de Jesser\u201d, 28.<\/p>\n<p style=\"text-align: justify;\">\u201cIniciamos a nossa investiga\u00e7\u00e3o em novembro do ano passado, a partir de den\u00fancias feitas por populares da regi\u00e3o que relatavam sobre um grupo de indiv\u00edduos que estaria invadindo as propriedades rurais, no per\u00edodo da noite, efetuando o abatimento do gado, que era realizado no pr\u00f3prio curral da propriedade. A partir disso, iniciamos a investiga\u00e7\u00e3o sobre o envolvimento de cada integrante do bando\u201d, disse Ant\u00f4nio Wellington.<\/p>\n<p style=\"text-align: justify;\">Sobre a forma de atua\u00e7\u00e3o do grupo, o delegado confirmou que n\u00e3o era utilizada viol\u00eancia na pr\u00e1tica do delito. \u201cN\u00e3o havia o emprego de viol\u00eancia. Os integrantes invadiam as propriedades no per\u00edodo da noite, no momento em que os donos do im\u00f3vel n\u00e3o se estavam presentes. Na maioria das vezes, o animal era abatido dentro do curral, onde a carne \u201cruim\u201d era dispensada no pr\u00f3prio local e a carne \u201cboa\u201d era transportada por meio de carro\u00e7as, para posterior comercializa\u00e7\u00e3o\u201d, ressalta o delegado.<\/p>\n<p style=\"text-align: justify;\"><strong>Pris\u00e3o<\/strong><\/p>\n<p style=\"text-align: justify;\">A pris\u00e3o do quinteto ocorreu na resid\u00eancia de Rodrigo dos Santos, vulgo \u201cChina\u201d, considerado um dos l\u00edderes do grupo. \u201cNo im\u00f3vel pertencente a \u201cChina\u201d, apreendemos uma arma de fogo tipo garrucha, muni\u00e7\u00f5es, al\u00e9m de diversos objetos que t\u00eam rela\u00e7\u00e3o estreita com o furto de gado, como carro\u00e7as, celas, p\u00e9 de cabra, dentre outros\u201d, afirma Ant\u00f4nio Wellington.<\/p>\n<p style=\"text-align: justify;\"><strong>Prosseguimento das investiga\u00e7\u00f5es<\/strong><\/p>\n<p style=\"text-align: justify;\">Na ocasi\u00e3o, o delegado Ant\u00f4nio Welligton falou sobre um poss\u00edvel envolvimento do grupo com quadrilhas que atuam em outras regi\u00f5es. \u201cEstamos investigando sobre o v\u00ednculo do quinteto com outras quadrilhas que atuam em outras regi\u00f5es, inclusive no baixo S\u00e3o Francisco. Agora trabalhamos no sentido de descobrir se o quinteto possu\u00eda rela\u00e7\u00e3o com outro grupo que foi preso h\u00e1 poucos dias, na cidade de Propri\u00e1. Segundo os registros policiais, um dos integrantes, Jamisson Vieira, j\u00e1 possui passagem pela pol\u00edcia, onde responde por furto de gado. Vamos trabalhar com o intuito de desvendar todo o esquema, chegando tamb\u00e9m aos poss\u00edveis receptores da mercadoria que, conforme investiga\u00e7\u00e3o inicial, possivelmente atuam cidade de S\u00e3o Francisco\u201d, finaliza.<\/p>\n<p style=\"text-align: justify;\">Os presos est\u00e3o custodiados na Coordenadoria de Pol\u00edcia Civil do Interior (COPCI), \u00e0 disposi\u00e7\u00e3o do Poder Judici\u00e1rio.<\/p>\n<p style=\"text-align: justify;\"><strong>Acompanhe o SE Not\u00edcias no\u00a0<a href=\"https:\/\/twitter.com\/Senoticias\" target=\"_blank\">Twitter\u00a0<\/a>e no\u00a0<a href=\"https:\/\/www.facebook.com\/PortalSENoticias\" target=\"_blank\">Facebook<\/a><\/strong><\/p>\n<p style=\"text-align: justify;\"><strong><em>Informa\u00e7\u00f5es da SSP\/SE<\/em><\/strong><\/p>\n","protected":false},"excerpt":{"rendered":"<p>Ap\u00f3s oito meses de investiga\u00e7\u00e3o, uma equipe da Pol\u00edcia Civil, coordenada pelo delegado Ant\u00f4nio Wellington, efetuou a pris\u00e3o, na tarde dessa quinta-feira, 23, de cinco indiv\u00edduos suspeitos de envolvimento com a pr\u00e1tica de furto de gado. O quinteto foi preso no interior de uma resid\u00eancia situada no Assentamento Manoel Dion\u00edsio, no munic\u00edpio de S\u00e3o Francisco, [&hellip;]<\/p>\n","protected":false},"author":1,"featured_media":82174,"comment_status":"closed","ping_status":"closed","sticky":false,"template":"","format":"standard","meta":{"footnotes":""},"categories":[38,7],"tags":[],"class_list":{"0":"post-82172","1":"post","2":"type-post","3":"status-publish","4":"format-standard","5":"has-post-thumbnail","7":"category-municipios","8":"category-policia"},"_links":{"self":[{"href":"https:\/\/senoticias.com.br\/se\/wp-json\/wp\/v2\/posts\/82172"}],"collection":[{"href":"https:\/\/senoticias.com.br\/se\/wp-json\/wp\/v2\/posts"}],"about":[{"href":"https:\/\/senoticias.com.br\/se\/wp-json\/wp\/v2\/types\/post"}],"author":[{"embeddable":true,"href":"https:\/\/senoticias.com.br\/se\/wp-json\/wp\/v2\/users\/1"}],"replies":[{"embeddable":true,"href":"https:\/\/senoticias.com.br\/se\/wp-json\/wp\/v2\/comments?post=82172"}],"version-history":[{"count":0,"href":"https:\/\/senoticias.com.br\/se\/wp-json\/wp\/v2\/posts\/82172\/revisions"}],"wp:featuredmedia":[{"embeddable":true,"href":"https:\/\/senoticias.com.br\/se\/wp-json\/wp\/v2\/media\/82174"}],"wp:attachment":[{"href":"https:\/\/senoticias.com.br\/se\/wp-json\/wp\/v2\/media?parent=82172"}],"wp:term":[{"taxonomy":"category","embeddable":true,"href":"https:\/\/senoticias.com.br\/se\/wp-json\/wp\/v2\/categories?post=82172"},{"taxonomy":"post_tag","embeddable":true,"href":"https:\/\/senoticias.com.br\/se\/wp-json\/wp\/v2\/tags?post=82172"}],"curies":[{"name":"wp","href":"https:\/\/api.w.org\/{rel}","templated":true}]}}