{"id":82169,"date":"2015-07-24T12:37:41","date_gmt":"2015-07-24T15:37:41","guid":{"rendered":"http:\/\/senoticias.com.br\/se\/?p=82169"},"modified":"2015-07-25T14:57:22","modified_gmt":"2015-07-25T17:57:22","slug":"acidente-deixa-um-morto-no-municipio-de-brejo-grande","status":"publish","type":"post","link":"https:\/\/senoticias.com.br\/se\/acidente-deixa-um-morto-no-municipio-de-brejo-grande\/","title":{"rendered":"Acidente deixa um morto no munic\u00edpio de Brejo Grande"},"content":{"rendered":"<div id=\"attachment_82170\" style=\"width: 593px\" class=\"wp-caption aligncenter\"><a href=\"http:\/\/senoticias.com.br\/se\/wp-content\/uploads\/2015\/07\/grande-morte-mae-filha-ft-brego-grandecomovejo24072015.jpg\"><img loading=\"lazy\" decoding=\"async\" aria-describedby=\"caption-attachment-82170\" class=\" wp-image-82170    \" alt=\"Colis\u00e3o envolveu uma moto e um caminh\u00e3o na manh\u00e3 desta sexta-feira, 24. (Foto: rejo Grande Como eu Vejo\/ Facebook)\" src=\"http:\/\/senoticias.com.br\/se\/wp-content\/uploads\/2015\/07\/grande-morte-mae-filha-ft-brego-grandecomovejo24072015.jpg\" width=\"583\" height=\"387\" srcset=\"https:\/\/senoticias.com.br\/se\/wp-content\/uploads\/2015\/07\/grande-morte-mae-filha-ft-brego-grandecomovejo24072015.jpg 1000w, https:\/\/senoticias.com.br\/se\/wp-content\/uploads\/2015\/07\/grande-morte-mae-filha-ft-brego-grandecomovejo24072015-300x199.jpg 300w, https:\/\/senoticias.com.br\/se\/wp-content\/uploads\/2015\/07\/grande-morte-mae-filha-ft-brego-grandecomovejo24072015-342x227.jpg 342w\" sizes=\"(max-width: 583px) 100vw, 583px\" \/><\/a><p id=\"caption-attachment-82170\" class=\"wp-caption-text\">Colis\u00e3o envolveu uma moto e um caminh\u00e3o na manh\u00e3 desta sexta-feira, 24. (Foto: Brejo Grande Como eu Vejo\/ Facebook)<\/p><\/div>\n<p style=\"text-align: justify;\">Um caminh\u00e3o colidiu com uma moto na manh\u00e3 desta sexta-feira (24) na rodovia 335, no munic\u00edpio de Brejo Grande, no Baixo S\u00e3o Francisco, distante 70 km de Aracaju. Uma viatura da Pol\u00edcia Rodovi\u00e1ria Federal (PRF) foi deslocada ao local do acidente. Segundo o Instituto M\u00e9dico Legal (IML), uma pessoa n\u00e3o resistiu aos ferimentos e morreu.<\/p>\n<p style=\"text-align: justify;\">Ainda de acordo com o IML, um ve\u00edculo do instituto e a pol\u00edcia criminal\u00edstica foram encaminhados ao munic\u00edpio de Brejo Grande.<\/p>\n<p style=\"text-align: justify;\"><em>Com informa\u00e7\u00f5es do G1, em Sergipe<\/em><\/p>\n<p style=\"text-align: justify;\"><strong>Acompanhe o SE Not\u00edcias no <a href=\"https:\/\/twitter.com\/Senoticias\" target=\"_blank\">Twitter <\/a>e no <a href=\"https:\/\/www.facebook.com\/PortalSENoticias\" target=\"_blank\">Facebook<\/a><\/strong><\/p>\n","protected":false},"excerpt":{"rendered":"<p>Um caminh\u00e3o colidiu com uma moto na manh\u00e3 desta sexta-feira (24) na rodovia 335, no munic\u00edpio de Brejo Grande, no Baixo S\u00e3o Francisco, distante 70 km de Aracaju. Uma viatura da Pol\u00edcia Rodovi\u00e1ria Federal (PRF) foi deslocada ao local do acidente. Segundo o Instituto M\u00e9dico Legal (IML), uma pessoa n\u00e3o resistiu aos ferimentos e morreu. [&hellip;]<\/p>\n","protected":false},"author":1,"featured_media":82170,"comment_status":"closed","ping_status":"closed","sticky":false,"template":"","format":"standard","meta":{"footnotes":""},"categories":[7],"tags":[],"class_list":{"0":"post-82169","1":"post","2":"type-post","3":"status-publish","4":"format-standard","5":"has-post-thumbnail","7":"category-policia"},"_links":{"self":[{"href":"https:\/\/senoticias.com.br\/se\/wp-json\/wp\/v2\/posts\/82169"}],"collection":[{"href":"https:\/\/senoticias.com.br\/se\/wp-json\/wp\/v2\/posts"}],"about":[{"href":"https:\/\/senoticias.com.br\/se\/wp-json\/wp\/v2\/types\/post"}],"author":[{"embeddable":true,"href":"https:\/\/senoticias.com.br\/se\/wp-json\/wp\/v2\/users\/1"}],"replies":[{"embeddable":true,"href":"https:\/\/senoticias.com.br\/se\/wp-json\/wp\/v2\/comments?post=82169"}],"version-history":[{"count":0,"href":"https:\/\/senoticias.com.br\/se\/wp-json\/wp\/v2\/posts\/82169\/revisions"}],"wp:featuredmedia":[{"embeddable":true,"href":"https:\/\/senoticias.com.br\/se\/wp-json\/wp\/v2\/media\/82170"}],"wp:attachment":[{"href":"https:\/\/senoticias.com.br\/se\/wp-json\/wp\/v2\/media?parent=82169"}],"wp:term":[{"taxonomy":"category","embeddable":true,"href":"https:\/\/senoticias.com.br\/se\/wp-json\/wp\/v2\/categories?post=82169"},{"taxonomy":"post_tag","embeddable":true,"href":"https:\/\/senoticias.com.br\/se\/wp-json\/wp\/v2\/tags?post=82169"}],"curies":[{"name":"wp","href":"https:\/\/api.w.org\/{rel}","templated":true}]}}