{"id":82166,"date":"2015-07-24T12:20:44","date_gmt":"2015-07-24T15:20:44","guid":{"rendered":"http:\/\/senoticias.com.br\/se\/?p=82166"},"modified":"2015-07-24T14:18:00","modified_gmt":"2015-07-24T17:18:00","slug":"prefeitura-atrasa-pagamento-e-torre-suspende-coleta-de-lixo-na-capital","status":"publish","type":"post","link":"https:\/\/senoticias.com.br\/se\/prefeitura-atrasa-pagamento-e-torre-suspende-coleta-de-lixo-na-capital\/","title":{"rendered":"Prefeitura atrasa pagamento e Torre suspende coleta de lixo em Aracaju"},"content":{"rendered":"<div id=\"attachment_82167\" style=\"width: 568px\" class=\"wp-caption aligncenter\"><a href=\"http:\/\/senoticias.com.br\/se\/wp-content\/uploads\/2015\/07\/2.jpg\"><img loading=\"lazy\" decoding=\"async\" aria-describedby=\"caption-attachment-82167\" class=\" wp-image-82167 \" alt=\"Lixo se acumula na cal\u00e7ada no Centro de Aracaju (Foto: Marina Fontenele\/G1) \" src=\"http:\/\/senoticias.com.br\/se\/wp-content\/uploads\/2015\/07\/2.jpg\" width=\"558\" height=\"419\" srcset=\"https:\/\/senoticias.com.br\/se\/wp-content\/uploads\/2015\/07\/2.jpg 620w, https:\/\/senoticias.com.br\/se\/wp-content\/uploads\/2015\/07\/2-300x225.jpg 300w, https:\/\/senoticias.com.br\/se\/wp-content\/uploads\/2015\/07\/2-342x256.jpg 342w, https:\/\/senoticias.com.br\/se\/wp-content\/uploads\/2015\/07\/2-60x45.jpg 60w, https:\/\/senoticias.com.br\/se\/wp-content\/uploads\/2015\/07\/2-150x113.jpg 150w, https:\/\/senoticias.com.br\/se\/wp-content\/uploads\/2015\/07\/2-269x201.jpg 269w\" sizes=\"(max-width: 558px) 100vw, 558px\" \/><\/a><p id=\"caption-attachment-82167\" class=\"wp-caption-text\">Lixo se acumula na cal\u00e7ada no Centro de Aracaju (Foto: Marina Fontenele\/G1)<\/p><\/div>\n<p style=\"text-align: justify;\">A coleta de lixo em Aracaju n\u00e3o ser\u00e1 feita nesta sexta-feira (24), isso porque a empresa respons\u00e1vel pelo servi\u00e7o dispensou os trabalhadores em protesto \u00e0 falta de pagamento. A Empresa Municipal de transporte Urbano (Emsurb) confirmou atrav\u00e9s de nota que houve, de fato, um atraso no repasse do dinheiro por causa de problemas burocr\u00e1ticos. Cerca de 40 ca\u00e7ambas n\u00e3o deixaram a sede da Torre por causa da paralisa\u00e7\u00e3o.<\/p>\n<p style=\"text-align: justify;\">\u201cA Prefeitura Municipal de Aracaju n\u00e3o conseguiu obedecer ao prazo de pagamento para empresa Torre, respons\u00e1vel em executar o servi\u00e7o de coleta de lixo na capital. Por isso, houve a suspens\u00e3o do servi\u00e7o hoje\u201d, diz trecho do comunicado oficial.<\/p>\n<p style=\"text-align: justify;\">Ainda segundo a Emsurb, todas as medidas est\u00e3o sendo tomadas para que o servi\u00e7o seja regularizado o mais breve poss\u00edvel. A estimativa \u00e9 que isso deve acontecer at\u00e9 a pr\u00f3xima segunda-feira (27).<\/p>\n<p style=\"text-align: justify;\">\u201cOs funcion\u00e1rios chegaram para trabalhar normalmente. Por volta das 8h a empresa liberou a eles irem para as suas casas e suspendeu a coleta do lixo por tempo indeterminado at\u00e9 que a situa\u00e7\u00e3o seja regularizada. O sindicato vai acompanhar quando o servi\u00e7o voltar para que a carga hor\u00e1ria normal seja mantida e para que n\u00e3o haja sobrecarga\u201d, afirma Rayvanderson Fernandes dos Santos, presidente do Sindicato dos Trabalhadores da Limpeza P\u00fablica e Comercial de Sergipe (Sindlimp).<\/p>\n<p style=\"text-align: justify;\">J\u00e1 o servi\u00e7o de Cata Bagulho est\u00e1 sendo realizado normalmente nesta sexta-feira (24) nos bairros Jardins e In\u00e1cio Barbosa.<\/p>\n<p style=\"text-align: justify;\"><em>Com informa\u00e7\u00f5es do G1, em Sergipe<\/em><\/p>\n<p style=\"text-align: justify;\"><strong>Acompanhe o SE Not\u00edcias no <a href=\"https:\/\/twitter.com\/Senoticias\" target=\"_blank\">Twitter <\/a>e no <a href=\"https:\/\/www.facebook.com\/PortalSENoticias\" target=\"_blank\">Facebook<\/a><\/strong><\/p>\n","protected":false},"excerpt":{"rendered":"<p>A coleta de lixo em Aracaju n\u00e3o ser\u00e1 feita nesta sexta-feira (24), isso porque a empresa respons\u00e1vel pelo servi\u00e7o dispensou os trabalhadores em protesto \u00e0 falta de pagamento. A Empresa Municipal de transporte Urbano (Emsurb) confirmou atrav\u00e9s de nota que houve, de fato, um atraso no repasse do dinheiro por causa de problemas burocr\u00e1ticos. Cerca [&hellip;]<\/p>\n","protected":false},"author":1,"featured_media":82167,"comment_status":"closed","ping_status":"closed","sticky":false,"template":"","format":"standard","meta":{"footnotes":""},"categories":[6],"tags":[],"class_list":{"0":"post-82166","1":"post","2":"type-post","3":"status-publish","4":"format-standard","5":"has-post-thumbnail","7":"category-politica"},"_links":{"self":[{"href":"https:\/\/senoticias.com.br\/se\/wp-json\/wp\/v2\/posts\/82166"}],"collection":[{"href":"https:\/\/senoticias.com.br\/se\/wp-json\/wp\/v2\/posts"}],"about":[{"href":"https:\/\/senoticias.com.br\/se\/wp-json\/wp\/v2\/types\/post"}],"author":[{"embeddable":true,"href":"https:\/\/senoticias.com.br\/se\/wp-json\/wp\/v2\/users\/1"}],"replies":[{"embeddable":true,"href":"https:\/\/senoticias.com.br\/se\/wp-json\/wp\/v2\/comments?post=82166"}],"version-history":[{"count":0,"href":"https:\/\/senoticias.com.br\/se\/wp-json\/wp\/v2\/posts\/82166\/revisions"}],"wp:featuredmedia":[{"embeddable":true,"href":"https:\/\/senoticias.com.br\/se\/wp-json\/wp\/v2\/media\/82167"}],"wp:attachment":[{"href":"https:\/\/senoticias.com.br\/se\/wp-json\/wp\/v2\/media?parent=82166"}],"wp:term":[{"taxonomy":"category","embeddable":true,"href":"https:\/\/senoticias.com.br\/se\/wp-json\/wp\/v2\/categories?post=82166"},{"taxonomy":"post_tag","embeddable":true,"href":"https:\/\/senoticias.com.br\/se\/wp-json\/wp\/v2\/tags?post=82166"}],"curies":[{"name":"wp","href":"https:\/\/api.w.org\/{rel}","templated":true}]}}