{"id":82153,"date":"2015-07-24T11:46:37","date_gmt":"2015-07-24T14:46:37","guid":{"rendered":"http:\/\/senoticias.com.br\/se\/?p=82153"},"modified":"2015-07-24T11:46:37","modified_gmt":"2015-07-24T14:46:37","slug":"vitimas-de-queda-de-guindaste-serao-sepultadas-em-cidades-do-interior","status":"publish","type":"post","link":"https:\/\/senoticias.com.br\/se\/vitimas-de-queda-de-guindaste-serao-sepultadas-em-cidades-do-interior\/","title":{"rendered":"V\u00edtimas de queda de guindaste ser\u00e3o sepultadas em cidades do interior"},"content":{"rendered":"<div id=\"attachment_82155\" style=\"width: 562px\" class=\"wp-caption aligncenter\"><a href=\"http:\/\/senoticias.com.br\/se\/wp-content\/uploads\/2015\/07\/capture-20150724-114317.png\"><img loading=\"lazy\" decoding=\"async\" aria-describedby=\"caption-attachment-82155\" class=\" wp-image-82155 \" alt=\"Acidente ocorreu em obra de condom\u00ednio na tarde desta quinta-feira (Foto: T\u00e1ssio Andrade \/ G1) \" src=\"http:\/\/senoticias.com.br\/se\/wp-content\/uploads\/2015\/07\/capture-20150724-114317.png\" width=\"552\" height=\"413\" srcset=\"https:\/\/senoticias.com.br\/se\/wp-content\/uploads\/2015\/07\/capture-20150724-114317.png 613w, https:\/\/senoticias.com.br\/se\/wp-content\/uploads\/2015\/07\/capture-20150724-114317-300x224.png 300w, https:\/\/senoticias.com.br\/se\/wp-content\/uploads\/2015\/07\/capture-20150724-114317-342x256.png 342w, https:\/\/senoticias.com.br\/se\/wp-content\/uploads\/2015\/07\/capture-20150724-114317-60x45.png 60w, https:\/\/senoticias.com.br\/se\/wp-content\/uploads\/2015\/07\/capture-20150724-114317-150x113.png 150w, https:\/\/senoticias.com.br\/se\/wp-content\/uploads\/2015\/07\/capture-20150724-114317-269x201.png 269w\" sizes=\"(max-width: 552px) 100vw, 552px\" \/><\/a><p id=\"caption-attachment-82155\" class=\"wp-caption-text\">Acidente ocorreu em obra de condom\u00ednio na tarde desta quinta-feira (Foto: T\u00e1ssio Andrade \/ G1)<\/p><\/div>\n<p style=\"text-align: justify;\">A assessoria de imprensa da construtora Norcon confirmou na manh\u00e3 desta sexta-feira (24), que os corpos dos dois trabalhadores v\u00edtimas do acidente com um guindaste ocorrido na tarde desta quinta-feira em Aracaju ser\u00e3o sepultados \u00e0s 16h de hoje. O acidente aconteceu no canteiro de obras de um condom\u00ednio residencial no Conjunto Sol Nascente, no bairro Jabotiana.<\/p>\n<p style=\"text-align: justify;\">Segundo a assessoria, os sepultamentos ser\u00e3o realizados nos cemit\u00e9rios regionais das cidades de Gararu e Itaporanga.<\/p>\n<p style=\"text-align: justify;\">Em nota, a construtora Norcon, respons\u00e1vel pela obra, lamentou o falecimento de dois dos seus colaboradores e afirmou que est\u00e1 prestando assist\u00eancia m\u00e9dica e psicol\u00f3gica para os feridos e todos os familiares dos envolvidos.<\/p>\n<p style=\"text-align: justify;\">Informou ainda que os colaboradores que trabalhavam na desmontagem da grua utilizavam equipamentos de prote\u00e7\u00e3o individual e coletiva. &#8220;Por seguir rigorosamente as normas de seguran\u00e7a do trabalho e sa\u00fade, a empresa apura tecnicamente a ocorr\u00eancia&#8221;, disse a assessoria de imprensa.<\/p>\n<p style=\"text-align: justify;\"><em>Com informa\u00e7\u00f5es do G1, em Sergipe<\/em><\/p>\n<p style=\"text-align: justify;\"><strong>Acompanhe o SE Not\u00edcias no <a href=\"https:\/\/twitter.com\/Senoticias\" target=\"_blank\">Twitter <\/a>e no <a href=\"https:\/\/www.facebook.com\/PortalSENoticias\" target=\"_blank\">Facebook<\/a><\/strong><\/p>\n","protected":false},"excerpt":{"rendered":"<p>A assessoria de imprensa da construtora Norcon confirmou na manh\u00e3 desta sexta-feira (24), que os corpos dos dois trabalhadores v\u00edtimas do acidente com um guindaste ocorrido na tarde desta quinta-feira em Aracaju ser\u00e3o sepultados \u00e0s 16h de hoje. O acidente aconteceu no canteiro de obras de um condom\u00ednio residencial no Conjunto Sol Nascente, no bairro [&hellip;]<\/p>\n","protected":false},"author":1,"featured_media":82155,"comment_status":"closed","ping_status":"closed","sticky":false,"template":"","format":"standard","meta":{"footnotes":""},"categories":[38],"tags":[],"class_list":{"0":"post-82153","1":"post","2":"type-post","3":"status-publish","4":"format-standard","5":"has-post-thumbnail","7":"category-municipios"},"_links":{"self":[{"href":"https:\/\/senoticias.com.br\/se\/wp-json\/wp\/v2\/posts\/82153"}],"collection":[{"href":"https:\/\/senoticias.com.br\/se\/wp-json\/wp\/v2\/posts"}],"about":[{"href":"https:\/\/senoticias.com.br\/se\/wp-json\/wp\/v2\/types\/post"}],"author":[{"embeddable":true,"href":"https:\/\/senoticias.com.br\/se\/wp-json\/wp\/v2\/users\/1"}],"replies":[{"embeddable":true,"href":"https:\/\/senoticias.com.br\/se\/wp-json\/wp\/v2\/comments?post=82153"}],"version-history":[{"count":0,"href":"https:\/\/senoticias.com.br\/se\/wp-json\/wp\/v2\/posts\/82153\/revisions"}],"wp:featuredmedia":[{"embeddable":true,"href":"https:\/\/senoticias.com.br\/se\/wp-json\/wp\/v2\/media\/82155"}],"wp:attachment":[{"href":"https:\/\/senoticias.com.br\/se\/wp-json\/wp\/v2\/media?parent=82153"}],"wp:term":[{"taxonomy":"category","embeddable":true,"href":"https:\/\/senoticias.com.br\/se\/wp-json\/wp\/v2\/categories?post=82153"},{"taxonomy":"post_tag","embeddable":true,"href":"https:\/\/senoticias.com.br\/se\/wp-json\/wp\/v2\/tags?post=82153"}],"curies":[{"name":"wp","href":"https:\/\/api.w.org\/{rel}","templated":true}]}}