{"id":82150,"date":"2015-07-24T11:28:45","date_gmt":"2015-07-24T14:28:45","guid":{"rendered":"http:\/\/senoticias.com.br\/se\/?p=82150"},"modified":"2015-07-24T14:11:09","modified_gmt":"2015-07-24T17:11:09","slug":"colisao-frontal-deixa-dois-mortos-e-tres-feridos-na-br-101-em-cedro-de-sao-joao","status":"publish","type":"post","link":"https:\/\/senoticias.com.br\/se\/colisao-frontal-deixa-dois-mortos-e-tres-feridos-na-br-101-em-cedro-de-sao-joao\/","title":{"rendered":"Colis\u00e3o frontal deixa dois mortos e tr\u00eas feridos na BR 101, em Cedro de S\u00e3o Jo\u00e3o"},"content":{"rendered":"<p>&nbsp;<\/p>\n<p style=\"text-align: justify;\">A colis\u00e3o frontal de dois ve\u00edculos de passeio deixou dois mortos e tr\u00eas feridos na manh\u00e3 desta sexta- feira (24), no Km 8 da BR 101. \u00a0O acidente ocorreu por volta das 7h no trevo de acesso ao munic\u00edpio Cedro de S\u00e3o Jo\u00e3o. A informa\u00e7\u00e3o da Pol\u00edcia Rodovi\u00e1ria Federal (PRF) \u00e9 que duas das v\u00edtimas estavam presas nas ferragens de um dos ve\u00edculos.<\/p>\n<div id=\"attachment_82151\" style=\"width: 608px\" class=\"wp-caption aligncenter\"><a href=\"http:\/\/senoticias.com.br\/se\/wp-content\/uploads\/2015\/07\/Alvs5iAvdBKjP-nVPKMyGQiBSUKarDwstLHn3kSygVMW-e1437747042725.jpg\"><img loading=\"lazy\" decoding=\"async\" aria-describedby=\"caption-attachment-82151\" class=\"size-full wp-image-82151\" alt=\"Dois homens morreram na colis\u00e3o que aconteceu no KM 8 da BR-101. (Foto:   Leitor\/SENot\u00edcias)\" src=\"http:\/\/senoticias.com.br\/se\/wp-content\/uploads\/2015\/07\/Alvs5iAvdBKjP-nVPKMyGQiBSUKarDwstLHn3kSygVMW-e1437747042725.jpg\" width=\"598\" height=\"797\" \/><\/a><p id=\"caption-attachment-82151\" class=\"wp-caption-text\">Dois homens morreram na colis\u00e3o que aconteceu no KM 8 da BR-101. (Foto: Leitor\/SENot\u00edcias)<\/p><\/div>\n<p style=\"text-align: justify;\">\u00a0Segundo informa\u00e7\u00f5es de pessoas que estavam no local, \u00a0com o impacto dos ve\u00edculos os condutores \u00a0morreram no local do acidente . As equipes do Corpo de Bombeiros e Servi\u00e7o de Atendimento M\u00f3vel de Urg\u00eancia (Samu) foram acionadas. A identidade das \u00a0v\u00edtimas ainda n\u00e3o foi divulgada pela pol\u00edcia.<\/p>\n<div id=\"attachment_82152\" style=\"width: 608px\" class=\"wp-caption aligncenter\"><a href=\"http:\/\/senoticias.com.br\/se\/wp-content\/uploads\/2015\/07\/AjS68cOZmhE9T0uVLKqDj0X_ZAvxcmErBnQ324yURCaf-e1437747374474.jpg\"><img loading=\"lazy\" decoding=\"async\" aria-describedby=\"caption-attachment-82152\" class=\"size-full wp-image-82152\" alt=\" Acidente aconteceu pr\u00f3ximo ao KM 8 da BR-101, no trevo de acesso ao munic\u00edpio de Cedro de S\u00e3o Jo\u00e3o, em Sergipe.(Foto: Leitor\/SENot\u00edcias)\" src=\"http:\/\/senoticias.com.br\/se\/wp-content\/uploads\/2015\/07\/AjS68cOZmhE9T0uVLKqDj0X_ZAvxcmErBnQ324yURCaf-e1437747374474.jpg\" width=\"598\" height=\"449\" \/><\/a><p id=\"caption-attachment-82152\" class=\"wp-caption-text\"><br \/>Acidente aconteceu pr\u00f3ximo ao KM 8 da BR-101, no trevo de acesso ao munic\u00edpio de Cedro de S\u00e3o Jo\u00e3o, em Sergipe.(Foto: Leitor\/SENot\u00edcias)<\/p><\/div>\n<p><strong><em>Informa\u00e7\u00f5es do Jornal da Cidade Net<\/em><\/strong><\/p>\n<p><strong>Acompanhe o SE Not\u00edcias no\u00a0<a href=\"https:\/\/twitter.com\/Senoticias\" target=\"_blank\">Twitter\u00a0<\/a>e no\u00a0<a href=\"https:\/\/www.facebook.com\/PortalSENoticias\" target=\"_blank\">Facebook<\/a><\/strong><\/p>\n","protected":false},"excerpt":{"rendered":"<p>&nbsp; A colis\u00e3o frontal de dois ve\u00edculos de passeio deixou dois mortos e tr\u00eas feridos na manh\u00e3 desta sexta- feira (24), no Km 8 da BR 101. \u00a0O acidente ocorreu por volta das 7h no trevo de acesso ao munic\u00edpio Cedro de S\u00e3o Jo\u00e3o. A informa\u00e7\u00e3o da Pol\u00edcia Rodovi\u00e1ria Federal (PRF) \u00e9 que duas das [&hellip;]<\/p>\n","protected":false},"author":1,"featured_media":82151,"comment_status":"closed","ping_status":"closed","sticky":false,"template":"","format":"standard","meta":{"footnotes":""},"categories":[15],"tags":[],"class_list":{"0":"post-82150","1":"post","2":"type-post","3":"status-publish","4":"format-standard","5":"has-post-thumbnail","7":"category-destaques"},"_links":{"self":[{"href":"https:\/\/senoticias.com.br\/se\/wp-json\/wp\/v2\/posts\/82150"}],"collection":[{"href":"https:\/\/senoticias.com.br\/se\/wp-json\/wp\/v2\/posts"}],"about":[{"href":"https:\/\/senoticias.com.br\/se\/wp-json\/wp\/v2\/types\/post"}],"author":[{"embeddable":true,"href":"https:\/\/senoticias.com.br\/se\/wp-json\/wp\/v2\/users\/1"}],"replies":[{"embeddable":true,"href":"https:\/\/senoticias.com.br\/se\/wp-json\/wp\/v2\/comments?post=82150"}],"version-history":[{"count":0,"href":"https:\/\/senoticias.com.br\/se\/wp-json\/wp\/v2\/posts\/82150\/revisions"}],"wp:featuredmedia":[{"embeddable":true,"href":"https:\/\/senoticias.com.br\/se\/wp-json\/wp\/v2\/media\/82151"}],"wp:attachment":[{"href":"https:\/\/senoticias.com.br\/se\/wp-json\/wp\/v2\/media?parent=82150"}],"wp:term":[{"taxonomy":"category","embeddable":true,"href":"https:\/\/senoticias.com.br\/se\/wp-json\/wp\/v2\/categories?post=82150"},{"taxonomy":"post_tag","embeddable":true,"href":"https:\/\/senoticias.com.br\/se\/wp-json\/wp\/v2\/tags?post=82150"}],"curies":[{"name":"wp","href":"https:\/\/api.w.org\/{rel}","templated":true}]}}