{"id":82146,"date":"2015-07-23T17:58:48","date_gmt":"2015-07-23T20:58:48","guid":{"rendered":"http:\/\/senoticias.com.br\/se\/?p=82146"},"modified":"2015-07-23T17:58:48","modified_gmt":"2015-07-23T20:58:48","slug":"adolescente-que-portava-45-trouxas-de-maconha-e-apreendido-em-umbauba","status":"publish","type":"post","link":"https:\/\/senoticias.com.br\/se\/adolescente-que-portava-45-trouxas-de-maconha-e-apreendido-em-umbauba\/","title":{"rendered":"Adolescente que portava 45 trouxas de maconha \u00e9 apreendido em Umba\u00faba"},"content":{"rendered":"<p style=\"text-align: justify;\">Um adolescente suspeito de envolvimento com o tr\u00e1fico de drogas foi apreendido na manh\u00e3 dessa quarta-feira, 22, no munic\u00edpio de Umba\u00faba, no sul sergipano.<\/p>\n<div id=\"attachment_82147\" style=\"width: 571px\" class=\"wp-caption aligncenter\"><a href=\"http:\/\/senoticias.com.br\/se\/wp-content\/uploads\/2015\/07\/237201515610.jpg\"><img loading=\"lazy\" decoding=\"async\" aria-describedby=\"caption-attachment-82147\" class=\" wp-image-82147   \" alt=\"Foto: PM\/SE\" src=\"http:\/\/senoticias.com.br\/se\/wp-content\/uploads\/2015\/07\/237201515610.jpg\" width=\"561\" height=\"360\" srcset=\"https:\/\/senoticias.com.br\/se\/wp-content\/uploads\/2015\/07\/237201515610.jpg 769w, https:\/\/senoticias.com.br\/se\/wp-content\/uploads\/2015\/07\/237201515610-300x192.jpg 300w, https:\/\/senoticias.com.br\/se\/wp-content\/uploads\/2015\/07\/237201515610-342x219.jpg 342w\" sizes=\"(max-width: 561px) 100vw, 561px\" \/><\/a><p id=\"caption-attachment-82147\" class=\"wp-caption-text\">Foto: PM\/SE<\/p><\/div>\n<p style=\"text-align: justify;\">A guarni\u00e7\u00e3o da 2\u00aa Cia\/ 6\u00b0 BPM, comandada pelo sargento Cl\u00e1udio Nunes, com o apoio da equipe da 4\u00aa Cia\/6 BPM, sob o comando do soldado Denisson, realizava o policiamento ostensivo no povoado Estiva, conhecido como \u2018Inferninho\u2019, quando verificou sete indiv\u00edduos em atitude suspeita. Ao perceber a presen\u00e7a da PM, um deles tentou se desfazer de um objeto, o qual foi recuperado pela guarni\u00e7\u00e3o e identificado como uma bolsa pl\u00e1stica contendo 45 trouxas com maconha prensada.<\/p>\n<p style=\"text-align: justify;\">O jovem era menor de idade e com ele tamb\u00e9m foram apreendidos, al\u00e9m da droga, um telefone celular, a quantia de R$ 131,25 reais e uma motocicleta Honda CG Titan, de cor verde e placa HZP-7795, do munic\u00edpio de Itabaianinha. A suspeita \u00e9 de que o jovem exer\u00e7a a atividade de avi\u00e3ozinho do tr\u00e1fico.<\/p>\n<p style=\"text-align: justify;\">O menor de idade e outros seis indiv\u00edduos foram conduzidos \u00e0 Delegacia de Umba\u00faba para prestar depoimento \u00e0 autoridade policial daquela unidade.<\/p>\n<p style=\"text-align: justify;\"><em>Fonte: PM\/SE<\/em><\/p>\n<p style=\"text-align: justify;\"><strong>Acompanhe o SE Not\u00edcias no <a href=\"https:\/\/twitter.com\/Senoticias\" target=\"_blank\">Twitter <\/a>e no <a href=\"https:\/\/www.facebook.com\/PortalSENoticias\" target=\"_blank\">Facebook<\/a><\/strong><\/p>\n","protected":false},"excerpt":{"rendered":"<p>Um adolescente suspeito de envolvimento com o tr\u00e1fico de drogas foi apreendido na manh\u00e3 dessa quarta-feira, 22, no munic\u00edpio de Umba\u00faba, no sul sergipano. A guarni\u00e7\u00e3o da 2\u00aa Cia\/ 6\u00b0 BPM, comandada pelo sargento Cl\u00e1udio Nunes, com o apoio da equipe da 4\u00aa Cia\/6 BPM, sob o comando do soldado Denisson, realizava o policiamento ostensivo [&hellip;]<\/p>\n","protected":false},"author":1,"featured_media":82147,"comment_status":"closed","ping_status":"closed","sticky":false,"template":"","format":"standard","meta":{"footnotes":""},"categories":[7],"tags":[],"class_list":{"0":"post-82146","1":"post","2":"type-post","3":"status-publish","4":"format-standard","5":"has-post-thumbnail","7":"category-policia"},"_links":{"self":[{"href":"https:\/\/senoticias.com.br\/se\/wp-json\/wp\/v2\/posts\/82146"}],"collection":[{"href":"https:\/\/senoticias.com.br\/se\/wp-json\/wp\/v2\/posts"}],"about":[{"href":"https:\/\/senoticias.com.br\/se\/wp-json\/wp\/v2\/types\/post"}],"author":[{"embeddable":true,"href":"https:\/\/senoticias.com.br\/se\/wp-json\/wp\/v2\/users\/1"}],"replies":[{"embeddable":true,"href":"https:\/\/senoticias.com.br\/se\/wp-json\/wp\/v2\/comments?post=82146"}],"version-history":[{"count":0,"href":"https:\/\/senoticias.com.br\/se\/wp-json\/wp\/v2\/posts\/82146\/revisions"}],"wp:featuredmedia":[{"embeddable":true,"href":"https:\/\/senoticias.com.br\/se\/wp-json\/wp\/v2\/media\/82147"}],"wp:attachment":[{"href":"https:\/\/senoticias.com.br\/se\/wp-json\/wp\/v2\/media?parent=82146"}],"wp:term":[{"taxonomy":"category","embeddable":true,"href":"https:\/\/senoticias.com.br\/se\/wp-json\/wp\/v2\/categories?post=82146"},{"taxonomy":"post_tag","embeddable":true,"href":"https:\/\/senoticias.com.br\/se\/wp-json\/wp\/v2\/tags?post=82146"}],"curies":[{"name":"wp","href":"https:\/\/api.w.org\/{rel}","templated":true}]}}