{"id":82143,"date":"2015-07-23T17:45:15","date_gmt":"2015-07-23T20:45:15","guid":{"rendered":"http:\/\/senoticias.com.br\/se\/?p=82143"},"modified":"2015-07-25T14:08:28","modified_gmt":"2015-07-25T17:08:28","slug":"guindaste-cai-atinge-operarios-mata-dois-e-deixa-cinco-feridos-em-aracaju","status":"publish","type":"post","link":"https:\/\/senoticias.com.br\/se\/guindaste-cai-atinge-operarios-mata-dois-e-deixa-cinco-feridos-em-aracaju\/","title":{"rendered":"Guindaste cai e mata dois oper\u00e1rios em obra de Aracaju"},"content":{"rendered":"<div id=\"attachment_82144\" style=\"width: 568px\" class=\"wp-caption aligncenter\"><a href=\"http:\/\/senoticias.com.br\/se\/wp-content\/uploads\/2015\/07\/obra9.jpg\"><img loading=\"lazy\" decoding=\"async\" aria-describedby=\"caption-attachment-82144\" class=\" wp-image-82144 \" alt=\"Guindaste desaba e atinge oper\u00e1rios em Aracaju (Foto: T\u00e1ssio Andrade \/ G1\" src=\"http:\/\/senoticias.com.br\/se\/wp-content\/uploads\/2015\/07\/obra9.jpg\" width=\"558\" height=\"419\" srcset=\"https:\/\/senoticias.com.br\/se\/wp-content\/uploads\/2015\/07\/obra9.jpg 620w, https:\/\/senoticias.com.br\/se\/wp-content\/uploads\/2015\/07\/obra9-300x225.jpg 300w, https:\/\/senoticias.com.br\/se\/wp-content\/uploads\/2015\/07\/obra9-342x256.jpg 342w, https:\/\/senoticias.com.br\/se\/wp-content\/uploads\/2015\/07\/obra9-60x45.jpg 60w, https:\/\/senoticias.com.br\/se\/wp-content\/uploads\/2015\/07\/obra9-150x113.jpg 150w, https:\/\/senoticias.com.br\/se\/wp-content\/uploads\/2015\/07\/obra9-269x201.jpg 269w\" sizes=\"(max-width: 558px) 100vw, 558px\" \/><\/a><p id=\"caption-attachment-82144\" class=\"wp-caption-text\">Guindaste desaba e atinge oper\u00e1rios em Aracaju (Foto: T\u00e1ssio Andrade \/ G1<\/p><\/div>\n<p style=\"text-align: justify;\">Um guindaste desabou e atingiu sete oper\u00e1rios que estavam trabalhando na constru\u00e7\u00e3o de um condom\u00ednio residencial localizado no Bairro Jabotiana, na Zona Oeste de Aracaju. De acordo com o Corpo de Bombeiros, dois homens morreram e outros cinco ficaram feridos.<\/p>\n<p style=\"text-align: justify;\">\u201cA causa do acidente ainda \u00e9 desconhecida. A Criminal\u00edstica vai investigar para saber o que houve. Estamos fazendo o trabalho de isolamento para garantir a seguran\u00e7a dos demais oper\u00e1rios e moradores da regi\u00e3o. O IML j\u00e1 foi acionado para recolher os corpos.<\/p>\n<p style=\"text-align: justify;\">Os feridos foram levados para o Hospital de Urg\u00eancia de Sergipe\u201d, explica o coronel Reginaldo D\u00f3ria.<\/p>\n<p style=\"text-align: justify;\">O presidente do Sindicato da Constru\u00e7\u00e3o Civil, Raimundo Luiz Reis, est\u00e1 no local prestando solidariedade aos trabalhadores. &#8220;O acidente que deixou mortos e feridos \u00e9 lament\u00e1vel&#8221;.<\/p>\n<p style=\"text-align: justify;\">Agentes do Servi\u00e7o de Atendimento Mov\u00e9l de Urg\u00eancia (Samu) foram acionados, prestaram os primeiros socorros \u00e0s v\u00edtimas.<\/p>\n<p style=\"text-align: justify;\">Os feridos foram levados para o Hospital de Urg\u00eancia de Sergipe (Huse) est\u00e3o sendo avaliados, mas a assessoria de imprensa adiantou que o estado de sa\u00fade deles \u00e9 considerado est\u00e1vel.<\/p>\n<p style=\"text-align: justify;\"><em>Com informa\u00e7\u00f5es de Fredson Navarro e T\u00e1ssio Andrade do G1, em Sergipe<\/em><\/p>\n<p style=\"text-align: justify;\"><strong>Acompanhe o SE Not\u00edcias no <a href=\"https:\/\/twitter.com\/Senoticias\" target=\"_blank\">Twitter <\/a>e no <a href=\"https:\/\/www.facebook.com\/?q=#\/PortalSENoticias?ref=bookmarks\" target=\"_blank\">Facebook<\/a><\/strong><\/p>\n","protected":false},"excerpt":{"rendered":"<p>Um guindaste desabou e atingiu sete oper\u00e1rios que estavam trabalhando na constru\u00e7\u00e3o de um condom\u00ednio residencial localizado no Bairro Jabotiana, na Zona Oeste de Aracaju. De acordo com o Corpo de Bombeiros, dois homens morreram e outros cinco ficaram feridos. \u201cA causa do acidente ainda \u00e9 desconhecida. A Criminal\u00edstica vai investigar para saber o que [&hellip;]<\/p>\n","protected":false},"author":1,"featured_media":82144,"comment_status":"closed","ping_status":"closed","sticky":false,"template":"","format":"standard","meta":{"footnotes":""},"categories":[310,7],"tags":[],"class_list":{"0":"post-82143","1":"post","2":"type-post","3":"status-publish","4":"format-standard","5":"has-post-thumbnail","7":"category-destaques-da-semana","8":"category-policia"},"_links":{"self":[{"href":"https:\/\/senoticias.com.br\/se\/wp-json\/wp\/v2\/posts\/82143"}],"collection":[{"href":"https:\/\/senoticias.com.br\/se\/wp-json\/wp\/v2\/posts"}],"about":[{"href":"https:\/\/senoticias.com.br\/se\/wp-json\/wp\/v2\/types\/post"}],"author":[{"embeddable":true,"href":"https:\/\/senoticias.com.br\/se\/wp-json\/wp\/v2\/users\/1"}],"replies":[{"embeddable":true,"href":"https:\/\/senoticias.com.br\/se\/wp-json\/wp\/v2\/comments?post=82143"}],"version-history":[{"count":0,"href":"https:\/\/senoticias.com.br\/se\/wp-json\/wp\/v2\/posts\/82143\/revisions"}],"wp:featuredmedia":[{"embeddable":true,"href":"https:\/\/senoticias.com.br\/se\/wp-json\/wp\/v2\/media\/82144"}],"wp:attachment":[{"href":"https:\/\/senoticias.com.br\/se\/wp-json\/wp\/v2\/media?parent=82143"}],"wp:term":[{"taxonomy":"category","embeddable":true,"href":"https:\/\/senoticias.com.br\/se\/wp-json\/wp\/v2\/categories?post=82143"},{"taxonomy":"post_tag","embeddable":true,"href":"https:\/\/senoticias.com.br\/se\/wp-json\/wp\/v2\/tags?post=82143"}],"curies":[{"name":"wp","href":"https:\/\/api.w.org\/{rel}","templated":true}]}}