{"id":82140,"date":"2015-07-23T16:20:00","date_gmt":"2015-07-23T19:20:00","guid":{"rendered":"http:\/\/senoticias.com.br\/se\/?p=82140"},"modified":"2015-07-23T16:21:17","modified_gmt":"2015-07-23T19:21:17","slug":"crianca-e-feita-refem-durante-assalto-a-onibus","status":"publish","type":"post","link":"https:\/\/senoticias.com.br\/se\/crianca-e-feita-refem-durante-assalto-a-onibus\/","title":{"rendered":"Crian\u00e7a \u00e9 feita ref\u00e9m durante assalto a \u00f4nibus em Aracaju"},"content":{"rendered":"<div id=\"attachment_82141\" style=\"width: 559px\" class=\"wp-caption aligncenter\"><a href=\"http:\/\/senoticias.com.br\/se\/wp-content\/uploads\/2015\/07\/conteudo_2_49314_20150723074923_55b0c6b32c047.jpg\"><img loading=\"lazy\" decoding=\"async\" aria-describedby=\"caption-attachment-82141\" class=\" wp-image-82141 \" alt=\"Foto: llustrativa\/Portal A8SE\" src=\"http:\/\/senoticias.com.br\/se\/wp-content\/uploads\/2015\/07\/conteudo_2_49314_20150723074923_55b0c6b32c047.jpg\" width=\"549\" height=\"365\" srcset=\"https:\/\/senoticias.com.br\/se\/wp-content\/uploads\/2015\/07\/conteudo_2_49314_20150723074923_55b0c6b32c047.jpg 610w, https:\/\/senoticias.com.br\/se\/wp-content\/uploads\/2015\/07\/conteudo_2_49314_20150723074923_55b0c6b32c047-300x199.jpg 300w, https:\/\/senoticias.com.br\/se\/wp-content\/uploads\/2015\/07\/conteudo_2_49314_20150723074923_55b0c6b32c047-342x227.jpg 342w\" sizes=\"(max-width: 549px) 100vw, 549px\" \/><\/a><p id=\"caption-attachment-82141\" class=\"wp-caption-text\">Foto: llustrativa\/Portal A8SE<\/p><\/div>\n<p style=\"text-align: justify;\">Na noite desta ter\u00e7a-feira (22), por volta das 21h30, uma crian\u00e7a foi feita ref\u00e9m durante um assalto a \u00f4nibus. Quatro homens que subiram no terminal de Integra\u00e7\u00e3o do DIA no \u00f4nibus com itiner\u00e1rio Santa L\u00facia\/DIA anunciaram o assalto quando estavam na avenida principal do Santa L\u00facia.<\/p>\n<p style=\"text-align: justify;\">Todos os homens estavam portando arma branca e roubaram celulares, carteiras e toda a renda do \u00f4nibus que somavam 68 reais. Durante a a\u00e7\u00e3o houve p\u00e2nico e gritaria dentro do \u00f4nibus, quando um deles pegou uma crian\u00e7a e ficou amea\u00e7ando o tempo todo com uma faca.<\/p>\n<p style=\"text-align: justify;\">Foram momentos de afli\u00e7\u00e3o para os passageiros e ainda uma senhora que estava com dois netos passou mal. Para fugir do \u00f4nibus, eles quebraram o vidro do \u00f4nibus e pularam pelas janelas do \u00f4nibus, ainda em movimento.<\/p>\n<p style=\"text-align: justify;\"><em>Com informa\u00e7\u00f5es do A8SE<\/em><\/p>\n<p style=\"text-align: justify;\"><strong>Acompanhe o SE Not\u00edcias no <a href=\"https:\/\/twitter.com\/Senoticias\" target=\"_blank\">Twitter <\/a>e no <a href=\"https:\/\/www.facebook.com\/PortalSENoticias\" target=\"_blank\">Facebook<\/a><\/strong><\/p>\n","protected":false},"excerpt":{"rendered":"<p>Na noite desta ter\u00e7a-feira (22), por volta das 21h30, uma crian\u00e7a foi feita ref\u00e9m durante um assalto a \u00f4nibus. Quatro homens que subiram no terminal de Integra\u00e7\u00e3o do DIA no \u00f4nibus com itiner\u00e1rio Santa L\u00facia\/DIA anunciaram o assalto quando estavam na avenida principal do Santa L\u00facia. Todos os homens estavam portando arma branca e roubaram [&hellip;]<\/p>\n","protected":false},"author":1,"featured_media":82141,"comment_status":"closed","ping_status":"closed","sticky":false,"template":"","format":"standard","meta":{"footnotes":""},"categories":[7],"tags":[],"class_list":{"0":"post-82140","1":"post","2":"type-post","3":"status-publish","4":"format-standard","5":"has-post-thumbnail","7":"category-policia"},"_links":{"self":[{"href":"https:\/\/senoticias.com.br\/se\/wp-json\/wp\/v2\/posts\/82140"}],"collection":[{"href":"https:\/\/senoticias.com.br\/se\/wp-json\/wp\/v2\/posts"}],"about":[{"href":"https:\/\/senoticias.com.br\/se\/wp-json\/wp\/v2\/types\/post"}],"author":[{"embeddable":true,"href":"https:\/\/senoticias.com.br\/se\/wp-json\/wp\/v2\/users\/1"}],"replies":[{"embeddable":true,"href":"https:\/\/senoticias.com.br\/se\/wp-json\/wp\/v2\/comments?post=82140"}],"version-history":[{"count":0,"href":"https:\/\/senoticias.com.br\/se\/wp-json\/wp\/v2\/posts\/82140\/revisions"}],"wp:featuredmedia":[{"embeddable":true,"href":"https:\/\/senoticias.com.br\/se\/wp-json\/wp\/v2\/media\/82141"}],"wp:attachment":[{"href":"https:\/\/senoticias.com.br\/se\/wp-json\/wp\/v2\/media?parent=82140"}],"wp:term":[{"taxonomy":"category","embeddable":true,"href":"https:\/\/senoticias.com.br\/se\/wp-json\/wp\/v2\/categories?post=82140"},{"taxonomy":"post_tag","embeddable":true,"href":"https:\/\/senoticias.com.br\/se\/wp-json\/wp\/v2\/tags?post=82140"}],"curies":[{"name":"wp","href":"https:\/\/api.w.org\/{rel}","templated":true}]}}