{"id":82133,"date":"2015-07-23T13:55:22","date_gmt":"2015-07-23T16:55:22","guid":{"rendered":"http:\/\/senoticias.com.br\/se\/?p=82133"},"modified":"2015-07-23T13:55:22","modified_gmt":"2015-07-23T16:55:22","slug":"desemprego-chega-a-69-em-junho-e-e-o-maior-para-o-mes-desde-2010","status":"publish","type":"post","link":"https:\/\/senoticias.com.br\/se\/desemprego-chega-a-69-em-junho-e-e-o-maior-para-o-mes-desde-2010\/","title":{"rendered":"Desemprego chega a 6,9% em junho e \u00e9 o maior para o m\u00eas desde 2010"},"content":{"rendered":"<div id=\"attachment_59253\" style=\"width: 310px\" class=\"wp-caption alignright\"><a href=\"http:\/\/senoticias.com.br\/se\/wp-content\/uploads\/2014\/01\/Carteira-de-trabalho-20-12-07-567x340.jpg\"><img loading=\"lazy\" decoding=\"async\" aria-describedby=\"caption-attachment-59253\" class=\"size-medium wp-image-59253\" alt=\" (Foto: Reprodu\u00e7\u00e3o)\" src=\"http:\/\/senoticias.com.br\/se\/wp-content\/uploads\/2014\/01\/Carteira-de-trabalho-20-12-07-567x340-300x179.jpg\" width=\"300\" height=\"179\" srcset=\"https:\/\/senoticias.com.br\/se\/wp-content\/uploads\/2014\/01\/Carteira-de-trabalho-20-12-07-567x340-300x179.jpg 300w, https:\/\/senoticias.com.br\/se\/wp-content\/uploads\/2014\/01\/Carteira-de-trabalho-20-12-07-567x340-342x205.jpg 342w, https:\/\/senoticias.com.br\/se\/wp-content\/uploads\/2014\/01\/Carteira-de-trabalho-20-12-07-567x340.jpg 567w\" sizes=\"(max-width: 300px) 100vw, 300px\" \/><\/a><p id=\"caption-attachment-59253\" class=\"wp-caption-text\">(Foto: Reprodu\u00e7\u00e3o)<\/p><\/div>\n<p style=\"text-align: justify;\">O desemprego em junho alcan\u00e7ou 6,9%, ficando praticamente est\u00e1vel em rela\u00e7\u00e3o \u00e0 taxa de 6,7% de maio, segundo o Instituto Brasileiro de Geografia e Estat\u00edstica (IBGE). Mesmo assim, junho registra a maior taxa de desemprego para o m\u00eas desde 2010, quando o \u00edndice chegou a 7%, como mostra a Pesquisa Mensal de Emprego (PME) divulgada nesta quinta-feira (23).<\/p>\n<p style=\"text-align: justify;\">O IBGE informou que a taxa de desemprego de junho aumento 2,1 pontos percentuais em rela\u00e7\u00e3o ao mesmo m\u00eas do ano passado, quando a alta do desemprego ficou em 4,8%.<\/p>\n<p style=\"text-align: justify;\">Em junho deste ano, havia 1,7 milh\u00e3o de pessoas desocupadas, resultado est\u00e1vel em rela\u00e7\u00e3o a maio. No entanto, a pesquisa mostra aumento de 44,9% (mais 522 mil pessoas) no percentual de pessoas desocupadas em rela\u00e7\u00e3o a junho de 2014. J\u00e1 a popula\u00e7\u00e3o ocupada em junho era 22,8 milh\u00f5es, tamb\u00e9m est\u00e1vel em compara\u00e7\u00e3o a maio, indicando por\u00e9m recuo de 1,3% (ou menos 298 mil pessoas) na compara\u00e7\u00e3o com o mesmo m\u00eas do ano passado.<\/p>\n<p style=\"text-align: justify;\">Segundo o IBGE, em junho, a popula\u00e7\u00e3o n\u00e3o economicamente ativa manteve-se em 19,3 milh\u00f5es de pessoas, o que indica estabilidade em compara\u00e7\u00e3o a maio. Popula\u00e7\u00e3o n\u00e3o economicamente ativa \u00e9 um conceito elaborado para designar a popula\u00e7\u00e3o que n\u00e3o est\u00e1 inserida no mercado de trabalho ou que n\u00e3o est\u00e1 procurando exercer algum tipo de atividade remunerada. J\u00e1 o n\u00famero de trabalhadores com carteira assinada no setor privado (11,5 milh\u00f5es) ficou est\u00e1vel no m\u00eas, mas recuou 2% (menos 240 mil pessoas) em rela\u00e7\u00e3o a junho de 2014.<\/p>\n<p style=\"text-align: justify;\">A pesquisa do IBGE indica que o rendimento m\u00e9dio real habitual do trabalhador subiu 0,8% de maio para junho, ficando em R$ 2.149,10. Mas recuou 2,9% em rela\u00e7\u00e3o a junho do ano passado. J\u00e1 a massa de rendimento m\u00e9dio real habitual ficou est\u00e1vel de maio para junho: alcan\u00e7ou R$ 49,5 bilh\u00f5es. A massa de rendimento caiu, no entanto, 4,3% em rela\u00e7\u00e3o a junho de 2014.<\/p>\n<p style=\"text-align: justify;\"><strong>Regi\u00f5es metropolitanas<\/strong><\/p>\n<p style=\"text-align: justify;\">A PME \u00e9 realizada nas seguintes regi\u00f5es metropolitanas do pa\u00eds: Recife, Salvador, Belo Horizonte, Rio de Janeiro, S\u00e3o Paulo e Porto Alegre. Nesas regi\u00f5es, os dados sobre o desemprego ficaram est\u00e1veis em compara\u00e7\u00e3o ao m\u00eas de maio.<\/p>\n<p style=\"text-align: justify;\">Em rela\u00e7\u00e3o a junho do ano passado, por\u00e9m, a taxa cresceu em todas as regi\u00f5es, com destaque para Recife, onde o desemprego passou de 6,2% para 8,8%, aumento de 2,6 pontos percentuais.<\/p>\n<p style=\"text-align: justify;\">Salvador registrou aumento do desemprego de 9% para 11,4%, eleva\u00e7\u00e3o de 2,4 pontos percentuais. O desemprego em S\u00e3o Paulo passou de 5,1% para 7,2%. Em Porto Alegre, passou de 3,7% para 5,8%. No Rio de Janeiro, passou de 3,2% para 5,2%. E, em Belo Horizonte, de 3,9% para 5,6%.<\/p>\n<p style=\"text-align: justify;\"><em>Fonte: Ag\u00eancia Brasil<\/em><\/p>\n<p style=\"text-align: justify;\"><strong>Acompanhe o SE Not\u00edcias no <a href=\"https:\/\/twitter.com\/Senoticias\" target=\"_blank\">Twitter <\/a>e no <a href=\"https:\/\/www.facebook.com\/PortalSENoticias\" target=\"_blank\">Facebook<\/a><\/strong><\/p>\n","protected":false},"excerpt":{"rendered":"<p>O desemprego em junho alcan\u00e7ou 6,9%, ficando praticamente est\u00e1vel em rela\u00e7\u00e3o \u00e0 taxa de 6,7% de maio, segundo o Instituto Brasileiro de Geografia e Estat\u00edstica (IBGE). Mesmo assim, junho registra a maior taxa de desemprego para o m\u00eas desde 2010, quando o \u00edndice chegou a 7%, como mostra a Pesquisa Mensal de Emprego (PME) divulgada [&hellip;]<\/p>\n","protected":false},"author":1,"featured_media":59253,"comment_status":"closed","ping_status":"closed","sticky":false,"template":"","format":"standard","meta":{"footnotes":""},"categories":[1],"tags":[],"class_list":{"0":"post-82133","1":"post","2":"type-post","3":"status-publish","4":"format-standard","5":"has-post-thumbnail","7":"category-sem-categoria"},"_links":{"self":[{"href":"https:\/\/senoticias.com.br\/se\/wp-json\/wp\/v2\/posts\/82133"}],"collection":[{"href":"https:\/\/senoticias.com.br\/se\/wp-json\/wp\/v2\/posts"}],"about":[{"href":"https:\/\/senoticias.com.br\/se\/wp-json\/wp\/v2\/types\/post"}],"author":[{"embeddable":true,"href":"https:\/\/senoticias.com.br\/se\/wp-json\/wp\/v2\/users\/1"}],"replies":[{"embeddable":true,"href":"https:\/\/senoticias.com.br\/se\/wp-json\/wp\/v2\/comments?post=82133"}],"version-history":[{"count":0,"href":"https:\/\/senoticias.com.br\/se\/wp-json\/wp\/v2\/posts\/82133\/revisions"}],"wp:featuredmedia":[{"embeddable":true,"href":"https:\/\/senoticias.com.br\/se\/wp-json\/wp\/v2\/media\/59253"}],"wp:attachment":[{"href":"https:\/\/senoticias.com.br\/se\/wp-json\/wp\/v2\/media?parent=82133"}],"wp:term":[{"taxonomy":"category","embeddable":true,"href":"https:\/\/senoticias.com.br\/se\/wp-json\/wp\/v2\/categories?post=82133"},{"taxonomy":"post_tag","embeddable":true,"href":"https:\/\/senoticias.com.br\/se\/wp-json\/wp\/v2\/tags?post=82133"}],"curies":[{"name":"wp","href":"https:\/\/api.w.org\/{rel}","templated":true}]}}