{"id":81140,"date":"2015-06-25T14:51:24","date_gmt":"2015-06-25T17:51:24","guid":{"rendered":"http:\/\/senoticias.com.br\/se\/?p=81140"},"modified":"2015-06-25T14:51:24","modified_gmt":"2015-06-25T17:51:24","slug":"funcionaria-que-morreu-dentro-de-empresa-de-telemarketing-e-enterrada-em-salvador","status":"publish","type":"post","link":"https:\/\/senoticias.com.br\/se\/funcionaria-que-morreu-dentro-de-empresa-de-telemarketing-e-enterrada-em-salvador\/","title":{"rendered":"Funcion\u00e1ria que morreu dentro de empresa de telemarketing \u00e9 enterrada em Salvador"},"content":{"rendered":"<p style=\"text-align: justify;\">O corpo da funcion\u00e1ria de uma empresa de telemarketing de Aracaju, que morreu durante o expediente nesta quarta-feira (24), foi enterrado na cidade Salvador, na Bahia, na manh\u00e3 desta quinta-feira (25).<\/p>\n<div id=\"attachment_81141\" style=\"width: 533px\" class=\"wp-caption aligncenter\"><a href=\"http:\/\/senoticias.com.br\/se\/wp-content\/uploads\/2015\/06\/capture-20150625-144440.png\"><img loading=\"lazy\" decoding=\"async\" aria-describedby=\"caption-attachment-81141\" class=\"size-full wp-image-81141\" alt=\"Corpo foi sepultado na manh\u00e3 desta quinta-feira (25) em Salvador.  (Foto: Reprodu\u00e7\u00e3o\/TV Sergipe) \" src=\"http:\/\/senoticias.com.br\/se\/wp-content\/uploads\/2015\/06\/capture-20150625-144440.png\" width=\"523\" height=\"342\" srcset=\"https:\/\/senoticias.com.br\/se\/wp-content\/uploads\/2015\/06\/capture-20150625-144440.png 523w, https:\/\/senoticias.com.br\/se\/wp-content\/uploads\/2015\/06\/capture-20150625-144440-300x196.png 300w, https:\/\/senoticias.com.br\/se\/wp-content\/uploads\/2015\/06\/capture-20150625-144440-342x223.png 342w\" sizes=\"(max-width: 523px) 100vw, 523px\" \/><\/a><p id=\"caption-attachment-81141\" class=\"wp-caption-text\">Corpo foi sepultado na manh\u00e3 desta quinta-feira (25) em Salvador. (Foto: Reprodu\u00e7\u00e3o\/TV Sergipe)<\/p><\/div>\n<p style=\"text-align: justify;\">Ela passou mal enquanto trabalhava e morreu no local. O Rela\u00e7\u00f5es Institucionais da empresa Douglas Fernandes disse que a empresa vai dar toda assist\u00eancia a fam\u00edlia.<\/p>\n<p style=\"text-align: justify;\">Abaixo segue a nota enviada pela empresa sobre o ocorrido.<\/p>\n<p style=\"text-align: justify;\"><em>A AlmavivA do Brasil lamenta o s\u00fabito falecimento da colaboradora B\u00e1rbara Monique Soares de Sousa, de 26 anos. Em vista do triste acontecimento, a empresa interrompeu suas atividades no dia de hoje em sinal de respeito \u00e0 dor da fam\u00edlia, amigos e colegas que conviveram com ela, ao mesmo tempo em que se solidariza com os familiares, dando a eles todo o suporte que a situa\u00e7\u00e3o exige.<\/em><\/p>\n<p style=\"text-align: justify;\"><em>Ap\u00f3s as medidas cab\u00edveis realizadas pelo Servi\u00e7o de Verifica\u00e7\u00e3o de \u00d3bito (SVO), iniciaram-se os preparativos para o sepultamento que ocorrer\u00e1 em sua cidade natal, Salvador (BA), com a assist\u00eancia da empresa.<\/em><\/p>\n<p style=\"text-align: justify;\"><em>AlmavivA do Brasil<\/em><\/p>\n<p style=\"text-align: justify;\"><em>*Com informa\u00e7\u00f5es do G1, em Sergipe<\/em><\/p>\n<p style=\"text-align: justify;\"><strong>Acompanhe o SE Not\u00edcias no <a href=\"https:\/\/twitter.com\/Senoticias\" target=\"_blank\">Twitter <\/a>e no <a href=\"https:\/\/www.facebook.com\/PortalSENoticias\" target=\"_blank\">Facebook<\/a><\/strong><\/p>\n","protected":false},"excerpt":{"rendered":"<p>O corpo da funcion\u00e1ria de uma empresa de telemarketing de Aracaju, que morreu durante o expediente nesta quarta-feira (24), foi enterrado na cidade Salvador, na Bahia, na manh\u00e3 desta quinta-feira (25). Ela passou mal enquanto trabalhava e morreu no local. O Rela\u00e7\u00f5es Institucionais da empresa Douglas Fernandes disse que a empresa vai dar toda assist\u00eancia [&hellip;]<\/p>\n","protected":false},"author":1,"featured_media":81141,"comment_status":"closed","ping_status":"closed","sticky":false,"template":"","format":"standard","meta":{"footnotes":""},"categories":[38],"tags":[],"class_list":{"0":"post-81140","1":"post","2":"type-post","3":"status-publish","4":"format-standard","5":"has-post-thumbnail","7":"category-municipios"},"_links":{"self":[{"href":"https:\/\/senoticias.com.br\/se\/wp-json\/wp\/v2\/posts\/81140"}],"collection":[{"href":"https:\/\/senoticias.com.br\/se\/wp-json\/wp\/v2\/posts"}],"about":[{"href":"https:\/\/senoticias.com.br\/se\/wp-json\/wp\/v2\/types\/post"}],"author":[{"embeddable":true,"href":"https:\/\/senoticias.com.br\/se\/wp-json\/wp\/v2\/users\/1"}],"replies":[{"embeddable":true,"href":"https:\/\/senoticias.com.br\/se\/wp-json\/wp\/v2\/comments?post=81140"}],"version-history":[{"count":0,"href":"https:\/\/senoticias.com.br\/se\/wp-json\/wp\/v2\/posts\/81140\/revisions"}],"wp:featuredmedia":[{"embeddable":true,"href":"https:\/\/senoticias.com.br\/se\/wp-json\/wp\/v2\/media\/81141"}],"wp:attachment":[{"href":"https:\/\/senoticias.com.br\/se\/wp-json\/wp\/v2\/media?parent=81140"}],"wp:term":[{"taxonomy":"category","embeddable":true,"href":"https:\/\/senoticias.com.br\/se\/wp-json\/wp\/v2\/categories?post=81140"},{"taxonomy":"post_tag","embeddable":true,"href":"https:\/\/senoticias.com.br\/se\/wp-json\/wp\/v2\/tags?post=81140"}],"curies":[{"name":"wp","href":"https:\/\/api.w.org\/{rel}","templated":true}]}}