{"id":81137,"date":"2015-06-25T14:33:15","date_gmt":"2015-06-25T17:33:15","guid":{"rendered":"http:\/\/senoticias.com.br\/se\/?p=81137"},"modified":"2015-06-25T14:34:05","modified_gmt":"2015-06-25T17:34:05","slug":"sob-forte-emocao-corpo-do-cantor-cristiano-araujo-e-enterrado-em-goiania","status":"publish","type":"post","link":"https:\/\/senoticias.com.br\/se\/sob-forte-emocao-corpo-do-cantor-cristiano-araujo-e-enterrado-em-goiania\/","title":{"rendered":"Sob forte emo\u00e7\u00e3o, corpo do cantor Cristiano Ara\u00fajo \u00e9 enterrado em Goi\u00e2nia"},"content":{"rendered":"<p style=\"text-align: justify;\">O corpo do cantor Cristiano Ara\u00fajo, de 29 anos, que morreu ap\u00f3s um acidente de carro na BR-153, em Goi\u00e1s, foi enterrado por volta das 12h desta quinta-feira (25), no Cemit\u00e9rio Jardim das Palmeiras, em Goi\u00e2nia. Mais de 1,5 mil pessoas, entre familiares, amigos e f\u00e3s, acompanharam a cerim\u00f4nia, segundo estimativas da Pol\u00edcia Militar. Eles deram uma salva de palmas e cantaram v\u00e1rios suscesso do artista duarante a despedida.<\/p>\n<div id=\"attachment_81138\" style=\"width: 568px\" class=\"wp-caption aligncenter\"><a href=\"http:\/\/senoticias.com.br\/se\/wp-content\/uploads\/2015\/06\/capture-20150625-142848.png\"><img loading=\"lazy\" decoding=\"async\" aria-describedby=\"caption-attachment-81138\" class=\" wp-image-81138 \" alt=\"Cristiano Ara\u00fajo \u00e9 enterrado com bandeiras do Brasil e do Vila Nova (Foto: S\u00edlvio T\u00falio\/G1)\" src=\"http:\/\/senoticias.com.br\/se\/wp-content\/uploads\/2015\/06\/capture-20150625-142848.png\" width=\"558\" height=\"362\" srcset=\"https:\/\/senoticias.com.br\/se\/wp-content\/uploads\/2015\/06\/capture-20150625-142848.png 620w, https:\/\/senoticias.com.br\/se\/wp-content\/uploads\/2015\/06\/capture-20150625-142848-300x194.png 300w, https:\/\/senoticias.com.br\/se\/wp-content\/uploads\/2015\/06\/capture-20150625-142848-342x221.png 342w\" sizes=\"(max-width: 558px) 100vw, 558px\" \/><\/a><p id=\"caption-attachment-81138\" class=\"wp-caption-text\">Cristiano Ara\u00fajo \u00e9 enterrado com bandeiras do Brasil e do Vila Nova (Foto: S\u00edlvio T\u00falio\/G1)<\/p><\/div>\n<p style=\"text-align: justify;\">O sepultamento do cantor ocorreu ap\u00f3s um cortejo de 15 km em um carro dos bombeiros, que partiu do Centro Cultural Oscar Niemeyer, onde o corpo foi velado por mais de 15 horas, at\u00e9 o local. O caix\u00e3o estava coberto por uma bandeira do Brasil e outra do Vila Nova, time do cora\u00e7\u00e3o do sertanejo.<\/p>\n<p style=\"text-align: justify;\">O pai de Cristiano Ara\u00fajo, Jo\u00e3o Reis de Ara\u00fajo, estava muito emocionado durante o enterro. Outros parentes do m\u00fasico e colegas de banda tamb\u00e9m estavam presentes. A m\u00e3e dele, Zenaide Melo, passou mal durante o vel\u00f3rio e muito abalada, n\u00e3o compareceu ao sepultamento, assim como os filhos do artistas, Jo\u00e3o Gabriel, de 7 anos, e Bernardo, de 2.<\/p>\n<p style=\"text-align: justify;\">Diferente do previsto inicialmente, o corpo da namorada do m\u00fasico, Allana Moraes, de 19, que tamb\u00e9m morreu no acidente, n\u00e3o foi enterrado ao mesmo tempo que o de Cristiano. O sepultamento dela ocorreu antes, por volta das 10h30, no mesmo local.<\/p>\n<p style=\"text-align: justify;\">O vel\u00f3rio come\u00e7ou na tarde de quarta-feira (24). Durante toda a noite, familiares, amigos e f\u00e3s estiveram no local para prestar a \u00faltima homenagem.<\/p>\n<p style=\"text-align: justify;\">Famosos, como os cantores Leonardo, Henrique e Juliano, Guilherme (da dupla com Santiago), Mariano (da dupla com Munhoz) e Bruno (da dupla com Marrone), foram se despedir do artista.<\/p>\n<p style=\"text-align: justify;\">Por volta das 8h30 desta quinta-feira, uma missa foi celebrada pelo padre Marcos Rog\u00e9rio, da Par\u00f3quia Nossa Senhora da Assun\u00e7\u00e3o, igreja que o sertanejo frequentava.<\/p>\n<p style=\"text-align: justify;\">Milhares de f\u00e3s enfrentaram mais de duas horas na fila para prestar homenagens ao \u00eddolo. Alguns chegaram a dirigir mais de 11h para acompanhar a cerim\u00f4nia. Segundo a Pol\u00edcia Militar, at\u00e9 as 9h, cerca de 50 mil pessoas estiveram no vel\u00f3rio.<\/p>\n<p style=\"text-align: justify;\"><strong>Acidente<\/strong><\/p>\n<p style=\"text-align: justify;\">O acidente aconteceu por volta das 3h30 de quarta-feira, na altura do km 614 da BR-153, entre Morrinhos e o trevo de Pontalina, em Goi\u00e1s, quando Cristiano voltava de um show em Itumbiara, no sul do estado. O ve\u00edculo no qual ele estava, um Range Rover, saiu da pista e capotou.<\/p>\n<p style=\"text-align: justify;\">Al\u00e9m do cantor e da namorada, tamb\u00e9m estavam no carro o motorista Ronaldo Miranda e um dos empres\u00e1rios do sertanejo, Vitor Leonardo, que estavam no banco da frente e se feriram. Eles seguem internados no Instituto Ortop\u00e9dico de Goi\u00e1s (IOG).<\/p>\n<p style=\"text-align: justify;\">Segundo a unidade, ambos est\u00e3o conscientes e t\u00eam quadro de sa\u00fade considerado est\u00e1vel. Ainda de acordo com o hospital, eles continuam na Unidade de Tratamento Intensivo (UTI) para observa\u00e7\u00e3o, ainda sem previs\u00e3o de quando ser\u00e3o liberados para o quarto.<\/p>\n<p style=\"text-align: justify;\"><strong>Investiga\u00e7\u00e3o<\/strong><\/p>\n<p style=\"text-align: justify;\">O delegado que investiga o caso, Fabiano Henrique Jacomelis, solicitou um laudo cadav\u00e9rico das v\u00edtimas fatais e uma per\u00edcia no local do acidente. As an\u00e1lises devem apontar se elas usavam cinto de seguran\u00e7a no banco de tr\u00e1s no momento do acidente.<\/p>\n<p style=\"text-align: justify;\">\u201cO cantor e a namorada foram arremessados para fora do ve\u00edculo, sendo assim, os ind\u00edcios apontam que eles n\u00e3o usavam o cinto de seguran\u00e7a. Mas isso s\u00f3 ser\u00e1 comprovado com o resultado dos laudos\u201d, disse Jacomelis. Segundo ele, tamb\u00e9m h\u00e1 sinais de que o motorista e o passageiro do banco da frente estavam com cinto.<\/p>\n<p style=\"text-align: justify;\">O Instituto M\u00e9dico Legal (IML) de Goi\u00e2nia confirmou que a causa da morte de Cristiano foi uma hemorragia interna na regi\u00e3o do abd\u00f4men. \u201cAp\u00f3s o exame necrosc\u00f3pico, pudemos observar que ele foi v\u00edtima de uma hemorragia aguda provocada por les\u00f5es de grandes vasos abdominais\u201d, afirmou o gerente do IML, Marcellus ao G1.<\/p>\n<p style=\"text-align: justify;\">Arantes disse que Cristiano tamb\u00e9m sofreu um traumatismo craniano encef\u00e1lico, mas, apesar das les\u00f5es e do corpo ter sido encontrado fora do ve\u00edculo, ainda n\u00e3o \u00e9 poss\u00edvel determinar se o cantor estava sem cinto de seguran\u00e7a. \u201cS\u00f3 ser\u00e1 poss\u00edvel confirmar isso ap\u00f3s a finaliza\u00e7\u00e3o do laudo cadav\u00e9rico, que deve sair daqui a dez dias. Esse documento \u00e9 complementar ao laudo da per\u00edcia feita no local&#8221;, destacou.<\/p>\n<p style=\"text-align: justify;\"><em>Com informa\u00e7\u00f5es de S\u00edlvio T\u00falio e Fernanda Borges\u00a0do G1 GO<\/em><\/p>\n<p style=\"text-align: justify;\"><strong>Acompanhe o SE Not\u00edcias no Twitter e no Facebook<\/strong><\/p>\n","protected":false},"excerpt":{"rendered":"<p>O corpo do cantor Cristiano Ara\u00fajo, de 29 anos, que morreu ap\u00f3s um acidente de carro na BR-153, em Goi\u00e1s, foi enterrado por volta das 12h desta quinta-feira (25), no Cemit\u00e9rio Jardim das Palmeiras, em Goi\u00e2nia. Mais de 1,5 mil pessoas, entre familiares, amigos e f\u00e3s, acompanharam a cerim\u00f4nia, segundo estimativas da Pol\u00edcia Militar. Eles [&hellip;]<\/p>\n","protected":false},"author":1,"featured_media":81138,"comment_status":"closed","ping_status":"closed","sticky":false,"template":"","format":"standard","meta":{"footnotes":""},"categories":[8],"tags":[],"class_list":{"0":"post-81137","1":"post","2":"type-post","3":"status-publish","4":"format-standard","5":"has-post-thumbnail","7":"category-esporte-e-cultura"},"_links":{"self":[{"href":"https:\/\/senoticias.com.br\/se\/wp-json\/wp\/v2\/posts\/81137"}],"collection":[{"href":"https:\/\/senoticias.com.br\/se\/wp-json\/wp\/v2\/posts"}],"about":[{"href":"https:\/\/senoticias.com.br\/se\/wp-json\/wp\/v2\/types\/post"}],"author":[{"embeddable":true,"href":"https:\/\/senoticias.com.br\/se\/wp-json\/wp\/v2\/users\/1"}],"replies":[{"embeddable":true,"href":"https:\/\/senoticias.com.br\/se\/wp-json\/wp\/v2\/comments?post=81137"}],"version-history":[{"count":0,"href":"https:\/\/senoticias.com.br\/se\/wp-json\/wp\/v2\/posts\/81137\/revisions"}],"wp:featuredmedia":[{"embeddable":true,"href":"https:\/\/senoticias.com.br\/se\/wp-json\/wp\/v2\/media\/81138"}],"wp:attachment":[{"href":"https:\/\/senoticias.com.br\/se\/wp-json\/wp\/v2\/media?parent=81137"}],"wp:term":[{"taxonomy":"category","embeddable":true,"href":"https:\/\/senoticias.com.br\/se\/wp-json\/wp\/v2\/categories?post=81137"},{"taxonomy":"post_tag","embeddable":true,"href":"https:\/\/senoticias.com.br\/se\/wp-json\/wp\/v2\/tags?post=81137"}],"curies":[{"name":"wp","href":"https:\/\/api.w.org\/{rel}","templated":true}]}}