{"id":81135,"date":"2015-06-25T14:21:13","date_gmt":"2015-06-25T17:21:13","guid":{"rendered":"http:\/\/senoticias.com.br\/se\/?p=81135"},"modified":"2015-06-25T14:21:13","modified_gmt":"2015-06-25T17:21:13","slug":"prf-20-acidentes-entre-a-segunda-e-esta-quinta-feira","status":"publish","type":"post","link":"https:\/\/senoticias.com.br\/se\/prf-20-acidentes-entre-a-segunda-e-esta-quinta-feira\/","title":{"rendered":"PRF: 20 acidentes entre a segunda e esta quinta-feira"},"content":{"rendered":"<div id=\"attachment_62935\" style=\"width: 310px\" class=\"wp-caption alignright\"><a href=\"http:\/\/senoticias.com.br\/se\/wp-content\/uploads\/2014\/04\/grande-PRF_policia_rodoviaria_federal_novoformato_23022014.jpg.jpg\"><img loading=\"lazy\" decoding=\"async\" aria-describedby=\"caption-attachment-62935\" class=\"size-medium wp-image-62935\" alt=\"Pol\u00edcia Rodovi\u00e1ria Federal (Foto: Reprodu\u00e7\u00e3o)\" src=\"http:\/\/senoticias.com.br\/se\/wp-content\/uploads\/2014\/04\/grande-PRF_policia_rodoviaria_federal_novoformato_23022014.jpg-300x199.jpg\" width=\"300\" height=\"199\" srcset=\"https:\/\/senoticias.com.br\/se\/wp-content\/uploads\/2014\/04\/grande-PRF_policia_rodoviaria_federal_novoformato_23022014.jpg-300x199.jpg 300w, https:\/\/senoticias.com.br\/se\/wp-content\/uploads\/2014\/04\/grande-PRF_policia_rodoviaria_federal_novoformato_23022014.jpg-342x227.jpg 342w, https:\/\/senoticias.com.br\/se\/wp-content\/uploads\/2014\/04\/grande-PRF_policia_rodoviaria_federal_novoformato_23022014.jpg.jpg 500w\" sizes=\"(max-width: 300px) 100vw, 300px\" \/><\/a><p id=\"caption-attachment-62935\" class=\"wp-caption-text\">Pol\u00edcia Rodovi\u00e1ria Federal (Foto: Reprodu\u00e7\u00e3o)<\/p><\/div>\n<p style=\"text-align: justify;\">A Pol\u00edcia Rodovi\u00e1ria Federal divulgou o resultado parcial da Opera\u00e7\u00e3o Especial relativa aos festejos juninos que ainda est\u00e3o em evid\u00eancia nas rodovias federais que cortam o Estado de Sergipe. Entre a segunda-feira, 22, e esta quinta-feira, 25, a PRF prestou atendimento a 20 acidentes de tr\u00e2nsito, que deixaram onze pessoas feridas, sem registro de mortes. O comparativo com os n\u00fameros observados no ano passado s\u00f3 ser\u00e1 divulgado no final da opera\u00e7\u00e3o, que envolve tamb\u00e9m as festas dedicadas a S\u00e3o Pedro, no pr\u00f3ximo dia 29.<\/p>\n<p style=\"text-align: justify;\">Neste per\u00edodo, os agentes federais fiscalizaram 542 ve\u00edculos, 665 pessoas e extra\u00edram 209 notifica\u00e7\u00f5es de tr\u00e2nsito. Al\u00e9m disso, apreenderam nove ve\u00edculos, quatro CNHs, 15 pessoas foram notificadas por ultrapassagem perigosa, tr\u00eas empresas foram notificadas quanto ao transporte irregular de produtos perigosos e foi prestado um aux\u00edlio a usu\u00e1rio da rodovia.<\/p>\n<p style=\"text-align: justify;\">Foram realizados 314 testes de alcoolemia que resultaram em tr\u00eas autua\u00e7\u00f5es. Uma pessoa foi presa por embriaguez (condutor apresentava vis\u00edveis sinais de ingest\u00e3o de bebida alco\u00f3lica, mas se recusou a fazer o etiloteste). De acordo com a lei 12.760\/12 (nova lei seca), quem for flagrado dirigindo embriagado comete uma infra\u00e7\u00e3o grav\u00edssima; tem a CNH recolhida e suspensa por doze meses; o ve\u00edculo fica retido at\u00e9 que um condutor habilitado e s\u00f3brio se apresente para a retirada do bem; paga multa no valor de R$ 1.915,40 e ainda poder\u00e1 responder por crime de tr\u00e2nsito. Em caso de reincid\u00eancia nos \u00faltimos doze meses, o valor da multa \u00e9 dobrado (R$ 3.830,80).<\/p>\n<p style=\"text-align: justify;\"><strong>Documenta\u00e7\u00e3o falsa<\/strong><\/p>\n<p style=\"text-align: justify;\">Na quarta-feira, 24, os policiais rodovi\u00e1rios flagraram dois condutores portando documenta\u00e7\u00e3o falsa. Em abordagens distintas, os condutores apresentaram Autoriza\u00e7\u00f5es Especiais de Tr\u00e2nsito (AETs) que n\u00e3o foram localizadas na base de dados do Minist\u00e9rio dos Transportes. Este documento \u00e9 indispens\u00e1vel a ve\u00edculos de carga.<\/p>\n<p style=\"text-align: justify;\">Na mesma quarta-feira, 24, a PRF deu voz de pris\u00e3o a um homem procurado pela justi\u00e7a. Ele conduzia um Gol com placa de Sergipe e trafegava na BR 101, em trecho do munic\u00edpio de S\u00e3o Cristov\u00e3o. No Portal Criminal do Tribunal de Justi\u00e7a de Sergipe, foi identificada ordem de pris\u00e3o expedida pela Comarca de Campo do Brito contra o condutor por tentativa de homic\u00eddio. O acusado foi encaminhado para a Delegacia Plantonista, onde permanecer\u00e1 custodiado \u00e0 disposi\u00e7\u00e3o da justi\u00e7a.<\/p>\n<p style=\"text-align: justify;\"><em>Fonte: PRF\/SE<\/em><\/p>\n<p style=\"text-align: justify;\"><strong>Acompanhe o SE Not\u00edcias no <a href=\"https:\/\/twitter.com\/Senoticias\" target=\"_blank\">Twitter <\/a>e no <a href=\"https:\/\/www.facebook.com\/PortalSENoticias\" target=\"_blank\">Facebook<\/a><\/strong><\/p>\n","protected":false},"excerpt":{"rendered":"<p>A Pol\u00edcia Rodovi\u00e1ria Federal divulgou o resultado parcial da Opera\u00e7\u00e3o Especial relativa aos festejos juninos que ainda est\u00e3o em evid\u00eancia nas rodovias federais que cortam o Estado de Sergipe. Entre a segunda-feira, 22, e esta quinta-feira, 25, a PRF prestou atendimento a 20 acidentes de tr\u00e2nsito, que deixaram onze pessoas feridas, sem registro de mortes. [&hellip;]<\/p>\n","protected":false},"author":1,"featured_media":62935,"comment_status":"closed","ping_status":"closed","sticky":false,"template":"","format":"standard","meta":{"footnotes":""},"categories":[7],"tags":[],"class_list":{"0":"post-81135","1":"post","2":"type-post","3":"status-publish","4":"format-standard","5":"has-post-thumbnail","7":"category-policia"},"_links":{"self":[{"href":"https:\/\/senoticias.com.br\/se\/wp-json\/wp\/v2\/posts\/81135"}],"collection":[{"href":"https:\/\/senoticias.com.br\/se\/wp-json\/wp\/v2\/posts"}],"about":[{"href":"https:\/\/senoticias.com.br\/se\/wp-json\/wp\/v2\/types\/post"}],"author":[{"embeddable":true,"href":"https:\/\/senoticias.com.br\/se\/wp-json\/wp\/v2\/users\/1"}],"replies":[{"embeddable":true,"href":"https:\/\/senoticias.com.br\/se\/wp-json\/wp\/v2\/comments?post=81135"}],"version-history":[{"count":0,"href":"https:\/\/senoticias.com.br\/se\/wp-json\/wp\/v2\/posts\/81135\/revisions"}],"wp:featuredmedia":[{"embeddable":true,"href":"https:\/\/senoticias.com.br\/se\/wp-json\/wp\/v2\/media\/62935"}],"wp:attachment":[{"href":"https:\/\/senoticias.com.br\/se\/wp-json\/wp\/v2\/media?parent=81135"}],"wp:term":[{"taxonomy":"category","embeddable":true,"href":"https:\/\/senoticias.com.br\/se\/wp-json\/wp\/v2\/categories?post=81135"},{"taxonomy":"post_tag","embeddable":true,"href":"https:\/\/senoticias.com.br\/se\/wp-json\/wp\/v2\/tags?post=81135"}],"curies":[{"name":"wp","href":"https:\/\/api.w.org\/{rel}","templated":true}]}}