{"id":81133,"date":"2015-06-25T14:08:16","date_gmt":"2015-06-25T17:08:16","guid":{"rendered":"http:\/\/senoticias.com.br\/se\/?p=81133"},"modified":"2015-06-25T14:08:16","modified_gmt":"2015-06-25T17:08:16","slug":"ibge-desemprego-sobe-para-67-em-seis-regioes-do-pais","status":"publish","type":"post","link":"https:\/\/senoticias.com.br\/se\/ibge-desemprego-sobe-para-67-em-seis-regioes-do-pais\/","title":{"rendered":"IBGE: desemprego sobe para 6,7% em seis regi\u00f5es do pa\u00eds"},"content":{"rendered":"<div id=\"attachment_63119\" style=\"width: 310px\" class=\"wp-caption alignright\"><a href=\"http:\/\/senoticias.com.br\/se\/wp-content\/uploads\/2014\/04\/25820111616101.jpg\"><img loading=\"lazy\" decoding=\"async\" aria-describedby=\"caption-attachment-63119\" class=\"size-medium wp-image-63119\" alt=\"Centro comercial de Aracaju (Foto: Reprodu\u00e7\u00e3o) \" src=\"http:\/\/senoticias.com.br\/se\/wp-content\/uploads\/2014\/04\/25820111616101-300x199.jpg\" width=\"300\" height=\"199\" srcset=\"https:\/\/senoticias.com.br\/se\/wp-content\/uploads\/2014\/04\/25820111616101-300x199.jpg 300w, https:\/\/senoticias.com.br\/se\/wp-content\/uploads\/2014\/04\/25820111616101-342x227.jpg 342w, https:\/\/senoticias.com.br\/se\/wp-content\/uploads\/2014\/04\/25820111616101.jpg 500w\" sizes=\"(max-width: 300px) 100vw, 300px\" \/><\/a><p id=\"caption-attachment-63119\" class=\"wp-caption-text\">Centro comercial de Aracaju (Foto: Reprodu\u00e7\u00e3o)<\/p><\/div>\n<p style=\"text-align: justify;\">O desemprego em seis regi\u00f5es metropolitanas do pa\u00eds subiu para 6,7% em maio, informou hoje a Pesquisa Mensal do Emprego (PME) do Instituto Brasileiro de Geografia e Estat\u00edstica (IBGE). Em maio do ano passado, o desemprego estava em 4,9%.<\/p>\n<p style=\"text-align: justify;\">A PME produz indicadores mensais sobre a for\u00e7a de trabalho que permitem avaliar as flutua\u00e7\u00f5es e a tend\u00eancia, a m\u00e9dio e a longo prazos, do mercado de trabalho. A pesquisa abrange as regi\u00f5es metropolitanas de Recife, Salvador, Belo Horizonte, Rio de Janeiro, S\u00e3o Paulo e Porto Alegre.<\/p>\n<p style=\"text-align: justify;\">De mar\u00e7o para abril deste ano, a taxa subiu de 6,2% para 6,4%, subindo 0,2 ponto percentual. J\u00e1 a varia\u00e7\u00e3o de abril para maio foi de 0,3 ponto percentual, considerada estatisticamente est\u00e1vel. No in\u00edcio do ano, o desemprego era 5,3%, e uma trajet\u00f3ria de alta o levou para 5,9% em fevereiro e 6,2% em maio. Com o resultado de maio, o crescimento do desemprego acumula 1,4 ponto percentual este ano.<\/p>\n<p style=\"text-align: justify;\">A taxa \u00e9 a mais alta j\u00e1 registrada para um m\u00eas de maio desde 2010, quando alcan\u00e7ou 7,5%. Desde ent\u00e3o, a taxa vinha caindo na compara\u00e7\u00e3o com o mesmo per\u00edodo do ano anterior e registrou sua primeira alta em 2015 frente a 2014.<\/p>\n<p style=\"text-align: justify;\">A popula\u00e7\u00e3o ocupada e a popula\u00e7\u00e3o n\u00e3o economicamente ativa se mantiveram est\u00e1veis em ambas as compara\u00e7\u00f5es e houve queda de 1,8% no n\u00famero n\u00famero de trabalhadores de carteira assinada no setor privado em rela\u00e7\u00e3o a 2014. Frente a abril, o emprego formal no setor privado ficou est\u00e1vel.<\/p>\n<p style=\"text-align: justify;\">A regi\u00e3o metropolitana que registra a maior taxa de desemprego \u00e9 Salvador, com 11,3%, seguida por Recife, com 8,5%, S\u00e3o Paulo, com 6,9%, Belo Horizonte, com 5,7%, Porto Alegre, com 5,6%, e Rio de Janeiro, com 5%.<\/p>\n<p style=\"text-align: justify;\"><em>Fonte: Ag\u00eancia Brasil<\/em><\/p>\n<p style=\"text-align: justify;\"><strong>Acompanhe o SE Not\u00edcias no <a href=\"https:\/\/twitter.com\/Senoticias\" target=\"_blank\">Twitter <\/a>e no <a href=\"https:\/\/www.facebook.com\/PortalSENoticias?ref=bookmarks\" target=\"_blank\">Facebook<\/a><\/strong><\/p>\n","protected":false},"excerpt":{"rendered":"<p>O desemprego em seis regi\u00f5es metropolitanas do pa\u00eds subiu para 6,7% em maio, informou hoje a Pesquisa Mensal do Emprego (PME) do Instituto Brasileiro de Geografia e Estat\u00edstica (IBGE). Em maio do ano passado, o desemprego estava em 4,9%. A PME produz indicadores mensais sobre a for\u00e7a de trabalho que permitem avaliar as flutua\u00e7\u00f5es e [&hellip;]<\/p>\n","protected":false},"author":1,"featured_media":63119,"comment_status":"closed","ping_status":"closed","sticky":false,"template":"","format":"standard","meta":{"footnotes":""},"categories":[38],"tags":[],"class_list":{"0":"post-81133","1":"post","2":"type-post","3":"status-publish","4":"format-standard","5":"has-post-thumbnail","7":"category-municipios"},"_links":{"self":[{"href":"https:\/\/senoticias.com.br\/se\/wp-json\/wp\/v2\/posts\/81133"}],"collection":[{"href":"https:\/\/senoticias.com.br\/se\/wp-json\/wp\/v2\/posts"}],"about":[{"href":"https:\/\/senoticias.com.br\/se\/wp-json\/wp\/v2\/types\/post"}],"author":[{"embeddable":true,"href":"https:\/\/senoticias.com.br\/se\/wp-json\/wp\/v2\/users\/1"}],"replies":[{"embeddable":true,"href":"https:\/\/senoticias.com.br\/se\/wp-json\/wp\/v2\/comments?post=81133"}],"version-history":[{"count":0,"href":"https:\/\/senoticias.com.br\/se\/wp-json\/wp\/v2\/posts\/81133\/revisions"}],"wp:featuredmedia":[{"embeddable":true,"href":"https:\/\/senoticias.com.br\/se\/wp-json\/wp\/v2\/media\/63119"}],"wp:attachment":[{"href":"https:\/\/senoticias.com.br\/se\/wp-json\/wp\/v2\/media?parent=81133"}],"wp:term":[{"taxonomy":"category","embeddable":true,"href":"https:\/\/senoticias.com.br\/se\/wp-json\/wp\/v2\/categories?post=81133"},{"taxonomy":"post_tag","embeddable":true,"href":"https:\/\/senoticias.com.br\/se\/wp-json\/wp\/v2\/tags?post=81133"}],"curies":[{"name":"wp","href":"https:\/\/api.w.org\/{rel}","templated":true}]}}