{"id":81127,"date":"2015-06-25T12:00:03","date_gmt":"2015-06-25T15:00:03","guid":{"rendered":"http:\/\/senoticias.com.br\/se\/?p=81127"},"modified":"2015-06-27T18:12:28","modified_gmt":"2015-06-27T21:12:28","slug":"municipios-serao-fiscalizados-quanto-a-utilizacao-de-maquinas-do-programa-de-aceleracao-do-crescimento","status":"publish","type":"post","link":"https:\/\/senoticias.com.br\/se\/municipios-serao-fiscalizados-quanto-a-utilizacao-de-maquinas-do-programa-de-aceleracao-do-crescimento\/","title":{"rendered":"Munic\u00edpios ser\u00e3o fiscalizados quanto \u00e0 utiliza\u00e7\u00e3o de m\u00e1quinas do Programa de Acelera\u00e7\u00e3o do Crescimento"},"content":{"rendered":"<p style=\"text-align: justify;\">O governo federal vai inspecionar a utiliza\u00e7\u00e3o de 18 mil m\u00e1quinas do Programa de Acelera\u00e7\u00e3o do Crescimento (PAC2) entregues a mais de cinco mil prefeituras de todo o Pa\u00eds. O objetivo \u00e9 coibir o uso irregular dos equipamentos.<\/p>\n<p style=\"text-align: justify;\">\u00a0\u201cN\u00f3s queremos fazer esse acompanhamento para saber se as m\u00e1quinas est\u00e3o sendo utilizadas em prol do bem coletivo\u201d, afirmou o ministro do Desenvolvimento Agr\u00e1rio (MDA), Patrus Ananias.<\/p>\n<div id=\"attachment_81129\" style=\"width: 609px\" class=\"wp-caption aligncenter\"><a href=\"http:\/\/senoticias.com.br\/se\/wp-content\/uploads\/2015\/06\/pac-e1435245039819.jpeg\"><img loading=\"lazy\" decoding=\"async\" aria-describedby=\"caption-attachment-81129\" class=\"size-full wp-image-81129\" alt=\" A fiscaliza\u00e7\u00e3o ser\u00e1 realizada pelo Conselho Nacional dos Procuradores Gerais em parceria com o Minist\u00e9rio do Desenvolvimento Agr\u00e1rio. (Foto: R\u00f4mulo Serpa\/MDA)\" src=\"http:\/\/senoticias.com.br\/se\/wp-content\/uploads\/2015\/06\/pac-e1435245039819.jpeg\" width=\"599\" height=\"335\" \/><\/a><p id=\"caption-attachment-81129\" class=\"wp-caption-text\"><br \/>A fiscaliza\u00e7\u00e3o ser\u00e1 realizada pelo Conselho Nacional dos Procuradores Gerais em parceria com o Minist\u00e9rio do Desenvolvimento Agr\u00e1rio. (Foto: R\u00f4mulo Serpa\/MDA)<\/p><\/div>\n<p style=\"text-align: justify;\">A fiscaliza\u00e7\u00e3o ser\u00e1 realizada em parceria com o Conselho Nacional dos Procuradores Gerais (CNPG). At\u00e9 o dia 31 de julho ser\u00e1 assinado um conv\u00eanio entre o CNPG e o MDA para dar in\u00edcio ao processo.<\/p>\n<p style=\"text-align: justify;\">\u00a0\u201cAcertado os termos do conv\u00eanio, o ato de divulga\u00e7\u00e3o ser\u00e1 o mais importante passo. Podemos emitir um comunicado aos prefeitos e explicaremos que vamos fazer a fiscaliza\u00e7\u00e3o\u201d, apontou Lauro.<\/p>\n<p style=\"text-align: justify;\">\u00a0A presidente da Associa\u00e7\u00e3o Nacional de Membros do Minist\u00e9rio P\u00fablico (Conamp), Norma Cavalcanti, afirmou que institui\u00e7\u00e3o, que representa os promotores estaduais, tamb\u00e9m pode ajudar na fiscaliza\u00e7\u00e3o.<\/p>\n<p><b>R$ 5 bilh\u00f5es de investimento em maquin\u00e1rios agr\u00edcolas<\/b><\/p>\n<p style=\"text-align: justify;\"><b>\u00a0<\/b>Ano passado o governo federal entregou 18 mil m\u00e1quinas \u00e0s cidades com at\u00e9 50 mil habitantes totalizando R$ 5 bilh\u00f5es em investimento.<\/p>\n<p style=\"text-align: justify;\">\u00a0As m\u00e1quinas (caminh\u00f5es-pipa e ca\u00e7amba, p\u00e1s carregadeiras, retroescavadeiras e motoniveladoras) foram entregues aos munic\u00edpios com o objetivo de melhorar as estradas vicinais por onde passam os produtos da agricultura familiar at\u00e9 chegar \u00e0s feiras e mercados urbanos.<\/p>\n<p style=\"text-align: justify;\">\u00a0Al\u00e9m disso, os equipamentos aqueceram a ind\u00fastria nacional. Todas as\u00a0m\u00e1quinas entregues aos munic\u00edpios foram produzidas por empresas brasileiras.<\/p>\n<p><strong>\u00a0Acompanhe o SE Not\u00edcias no <a href=\" https:\/\/twitter.com\/Senoticias\" target=\"_blank\">Twitter<\/a> e no <a href=\" https:\/\/www.facebook.com\/PortalSENoticias\" target=\"_blank\">Facebook<\/a><\/strong><\/p>\n<p><em>Com informa\u00e7\u00f5es do Minsit\u00e9rio do Desenvolvimento Agr\u00e1rio<\/em><\/p>\n","protected":false},"excerpt":{"rendered":"<p>O governo federal vai inspecionar a utiliza\u00e7\u00e3o de 18 mil m\u00e1quinas do Programa de Acelera\u00e7\u00e3o do Crescimento (PAC2) entregues a mais de cinco mil prefeituras de todo o Pa\u00eds. O objetivo \u00e9 coibir o uso irregular dos equipamentos. \u00a0\u201cN\u00f3s queremos fazer esse acompanhamento para saber se as m\u00e1quinas est\u00e3o sendo utilizadas em prol do bem [&hellip;]<\/p>\n","protected":false},"author":1,"featured_media":81129,"comment_status":"closed","ping_status":"closed","sticky":false,"template":"","format":"standard","meta":{"footnotes":""},"categories":[6],"tags":[],"class_list":{"0":"post-81127","1":"post","2":"type-post","3":"status-publish","4":"format-standard","5":"has-post-thumbnail","7":"category-politica"},"_links":{"self":[{"href":"https:\/\/senoticias.com.br\/se\/wp-json\/wp\/v2\/posts\/81127"}],"collection":[{"href":"https:\/\/senoticias.com.br\/se\/wp-json\/wp\/v2\/posts"}],"about":[{"href":"https:\/\/senoticias.com.br\/se\/wp-json\/wp\/v2\/types\/post"}],"author":[{"embeddable":true,"href":"https:\/\/senoticias.com.br\/se\/wp-json\/wp\/v2\/users\/1"}],"replies":[{"embeddable":true,"href":"https:\/\/senoticias.com.br\/se\/wp-json\/wp\/v2\/comments?post=81127"}],"version-history":[{"count":0,"href":"https:\/\/senoticias.com.br\/se\/wp-json\/wp\/v2\/posts\/81127\/revisions"}],"wp:featuredmedia":[{"embeddable":true,"href":"https:\/\/senoticias.com.br\/se\/wp-json\/wp\/v2\/media\/81129"}],"wp:attachment":[{"href":"https:\/\/senoticias.com.br\/se\/wp-json\/wp\/v2\/media?parent=81127"}],"wp:term":[{"taxonomy":"category","embeddable":true,"href":"https:\/\/senoticias.com.br\/se\/wp-json\/wp\/v2\/categories?post=81127"},{"taxonomy":"post_tag","embeddable":true,"href":"https:\/\/senoticias.com.br\/se\/wp-json\/wp\/v2\/tags?post=81127"}],"curies":[{"name":"wp","href":"https:\/\/api.w.org\/{rel}","templated":true}]}}