{"id":81124,"date":"2015-06-25T10:58:27","date_gmt":"2015-06-25T13:58:27","guid":{"rendered":"http:\/\/senoticias.com.br\/se\/?p=81124"},"modified":"2015-06-26T21:11:08","modified_gmt":"2015-06-27T00:11:08","slug":"luan-santana-bate-recorde-de-publico-no-forro-caju","status":"publish","type":"post","link":"https:\/\/senoticias.com.br\/se\/luan-santana-bate-recorde-de-publico-no-forro-caju\/","title":{"rendered":"Luan Santana bate recorde de p\u00fablico no Forr\u00f3 Caju"},"content":{"rendered":"<p style=\"text-align: justify;\">A sexta noite do Forr\u00f3 Caju j\u00e1 come\u00e7ou com v\u00e1rios f\u00e3s aglomerados em frente ao palco para garantir o melhor lugar para ver o show da maior atra\u00e7\u00e3o da noite, o cantor Luan Santana. Al\u00e9m dele, a noite de S\u00e3o Jo\u00e3o foi embalada por shows de Sergival, Forr\u00f3 Trem Baum, Amazan e Roj\u00e3o Diferente, registrando cerca de 100 mil pessoas.<\/p>\n<div id=\"attachment_81126\" style=\"width: 609px\" class=\"wp-caption aligncenter\"><a href=\"http:\/\/senoticias.com.br\/se\/wp-content\/uploads\/2015\/06\/Luan-Forr\u00f3-Caju-e1435240798712.jpeg\"><img loading=\"lazy\" decoding=\"async\" aria-describedby=\"caption-attachment-81126\" class=\"size-full wp-image-81126\" alt=\" Luan Santana fez o p\u00fablico vibrar (Foto: Ana L\u00edcia Menezes)\" src=\"http:\/\/senoticias.com.br\/se\/wp-content\/uploads\/2015\/06\/Luan-Forr\u00f3-Caju-e1435240798712.jpeg\" width=\"599\" height=\"399\" \/><\/a><p id=\"caption-attachment-81126\" class=\"wp-caption-text\"><br \/>Luan Santana fez o p\u00fablico vibrar (Foto: Ana L\u00edcia Menezes)<\/p><\/div>\n<p style=\"text-align: justify;\">Abrindo a sexta noite do Forr\u00f3 Caju, Sergival ressaltou que est\u00e1 muito feliz com o p\u00fablico e em sua 16\u00aa edi\u00e7\u00e3o lan\u00e7ar\u00e1 o repert\u00f3rio do seu novo mais novo CD, em comemora\u00e7\u00e3o aos 30 anos de carreira. Ser\u00e1 um CD dedicado ao forr\u00f3 sergipano, com autorias dos maiores compositores, tanto de autoria dele quanto de Erivaldo de Carira, Z\u00e9 Rozendo e Marluce, Rog\u00e9rio e Clemilda.<\/p>\n<p style=\"text-align: justify;\">&#8220;O Forr\u00f3 Caju \u00e9 sempre uma vitrine fabulosa, principalmente em nos apresentarmos no palco principal numa noite maravilhosa, uma alegria de ver meus conterr\u00e2neos e poder divulgar a cultura sergipana&#8221;, avaliou.<\/p>\n<p style=\"text-align: justify;\">A atra\u00e7\u00e3o mais esperada foi a segunda a se apresentar no palco principal. O cantor sertanejo Luan Santana fez o p\u00fablico vibrar, mesmo debaixo de muita chuva. Embora estivesse abalado com a morte do cantor Cristiano Ara\u00fajo, que faleceu em um acidente de carro na madrugada de hoje, o cantor manteve a programa\u00e7\u00e3o de shows e emocionou o Forr\u00f3 Caju ao homenagear o amigo.<\/p>\n<p style=\"text-align: justify;\">Luan Santana destacou que \u00e9 bom demais voltar para Aracaju e reencontrar os f\u00e3s ainda mais numa festa como essa, que \u00e9 conhecida no Brasil inteiro, e tendo p\u00fablico t\u00e3o carism\u00e1tico. &#8220;Pode ter certeza que \u00e9 uma honra, e a gente com certeza vai fazer uma bela apresenta\u00e7\u00e3o essa noite, mesmo com a infeliz trag\u00e9dia que ocorreu com meu amigo. Farei o show na inten\u00e7\u00e3o dele&#8221;.<\/p>\n<p style=\"text-align: justify;\">A banda Forr\u00f3 Trem Baum, que tem como vocalista Menilson Filho, fez o p\u00fablico dan\u00e7ar muito com seu variado repert\u00f3rio de m\u00fasicas e estilos, como o forr\u00f3 tradicional, o forr\u00f3 das antigas e o forr\u00f3 moderno. A banda aproveitou o belo cen\u00e1rio que \u00e9 a festa e a megaestrutura montada pela Prefeitura de Aracaju para gravar imagens para o novo DVD.<\/p>\n<p style=\"text-align: justify;\">&#8220;Mesclamos o show com tudo de melhor. O sertanejo, ax\u00e9, tudo para o pessoal cair no forr\u00f3. Essa \u00e9 nossa quinta edi\u00e7\u00e3o e a gente est\u00e1 fazendo parte com muito prazer e muito orgulho, pois sempre que subimos ao palco principal, a expectativa \u00e9 a melhor poss\u00edvel&#8221;, explicou Menilson.<\/p>\n<p style=\"text-align: justify;\">De Campina Grande para Aracaju Amazan, que tocou pela primeira vez no Forr\u00f3 Caju, j\u00e1 tem em sua bagagem 30 CDs e tr\u00eas DVDs em 29 anos de carreira. Ele ficou surpreso com a receptividade do p\u00fablico, que cantou e foi embalado por v\u00e1rios ritmos.<\/p>\n<p style=\"text-align: justify;\">O artista, que \u00e9 pai do cantor Luan Estilizado, parabenizou a Prefeitura Municipal de Aracaju (PMA) pelo convite e pela festa, que segundo ele \u00e9 uma festa linda e que a energia do p\u00fablico \u00e9 super positiva. &#8220;O prefeito Jo\u00e3o Alves Filho est\u00e1 de parab\u00e9ns! Foi minha primeira vez nessa festa linda e saiu tudo como n\u00f3s esper\u00e1vamos, agora \u00e9 s\u00f3 curtir e agradecer a esse p\u00fablico lindo&#8221;, disse Amazan.<\/p>\n<p style=\"text-align: justify;\">A banda Roj\u00e3o Diferente encerrou a noite, e disse que mais uma vez \u00e9 uma honra cantar para um p\u00fablico t\u00e3o especial e acolhedor. &#8220;Encerrar a festa no dia de S\u00e3o Jo\u00e3o no palco principal \u00e9 a melhor coisa, ainda mais com a presen\u00e7a de grandes artistas como Luan Santana e Amazan, que \u00e9 pai de Luan Estilizado&#8221;.<\/p>\n<p><strong>Acompanhe o SE Not\u00edcias no <a href=\" https:\/\/twitter.com\/Senoticias\" target=\"_blank\">Twitter<\/a> e no <a href=\" https:\/\/www.facebook.com\/PortalSENoticias\" target=\"_blank\">Facebook<\/a><\/strong><\/p>\n<p><strong><em>Ag\u00eancia Aracaju de Not\u00edcias<\/em><\/strong><\/p>\n","protected":false},"excerpt":{"rendered":"<p>A sexta noite do Forr\u00f3 Caju j\u00e1 come\u00e7ou com v\u00e1rios f\u00e3s aglomerados em frente ao palco para garantir o melhor lugar para ver o show da maior atra\u00e7\u00e3o da noite, o cantor Luan Santana. Al\u00e9m dele, a noite de S\u00e3o Jo\u00e3o foi embalada por shows de Sergival, Forr\u00f3 Trem Baum, Amazan e Roj\u00e3o Diferente, registrando [&hellip;]<\/p>\n","protected":false},"author":1,"featured_media":81126,"comment_status":"closed","ping_status":"closed","sticky":false,"template":"","format":"standard","meta":{"footnotes":""},"categories":[160,6],"tags":[],"class_list":{"0":"post-81124","1":"post","2":"type-post","3":"status-publish","4":"format-standard","5":"has-post-thumbnail","7":"category-festas-juninas","8":"category-politica"},"_links":{"self":[{"href":"https:\/\/senoticias.com.br\/se\/wp-json\/wp\/v2\/posts\/81124"}],"collection":[{"href":"https:\/\/senoticias.com.br\/se\/wp-json\/wp\/v2\/posts"}],"about":[{"href":"https:\/\/senoticias.com.br\/se\/wp-json\/wp\/v2\/types\/post"}],"author":[{"embeddable":true,"href":"https:\/\/senoticias.com.br\/se\/wp-json\/wp\/v2\/users\/1"}],"replies":[{"embeddable":true,"href":"https:\/\/senoticias.com.br\/se\/wp-json\/wp\/v2\/comments?post=81124"}],"version-history":[{"count":0,"href":"https:\/\/senoticias.com.br\/se\/wp-json\/wp\/v2\/posts\/81124\/revisions"}],"wp:featuredmedia":[{"embeddable":true,"href":"https:\/\/senoticias.com.br\/se\/wp-json\/wp\/v2\/media\/81126"}],"wp:attachment":[{"href":"https:\/\/senoticias.com.br\/se\/wp-json\/wp\/v2\/media?parent=81124"}],"wp:term":[{"taxonomy":"category","embeddable":true,"href":"https:\/\/senoticias.com.br\/se\/wp-json\/wp\/v2\/categories?post=81124"},{"taxonomy":"post_tag","embeddable":true,"href":"https:\/\/senoticias.com.br\/se\/wp-json\/wp\/v2\/tags?post=81124"}],"curies":[{"name":"wp","href":"https:\/\/api.w.org\/{rel}","templated":true}]}}