{"id":81121,"date":"2015-06-24T10:14:30","date_gmt":"2015-06-24T13:14:30","guid":{"rendered":"http:\/\/senoticias.com.br\/se\/?p=81121"},"modified":"2015-06-25T10:33:45","modified_gmt":"2015-06-25T13:33:45","slug":"abertura-do-sao-joao-de-itaporanga-reune-mais-de-30-mil-pessoas-na-praca-de-eventos","status":"publish","type":"post","link":"https:\/\/senoticias.com.br\/se\/abertura-do-sao-joao-de-itaporanga-reune-mais-de-30-mil-pessoas-na-praca-de-eventos\/","title":{"rendered":"Abertura do S\u00e3o Jo\u00e3o de Itaporanga re\u00fane mais de 30 mil pessoas na Pra\u00e7a de Eventos"},"content":{"rendered":"<p align=\"center\"><b>\u00a0<\/b><\/p>\n<p style=\"text-align: justify;\">A Pra\u00e7a de Eventos de Itaporanga D\u2019Ajuda ficou pequena para os milhares de pessoas que participaram da abertura dos festejos juninos da cidade, que aconteceu na noite desta ter\u00e7a-feira (23). O evento reuniu mais de 30 mil pessoas, segundo dados da Pol\u00edcia Militar e da organiza\u00e7\u00e3o da festa.<\/p>\n<div id=\"attachment_81123\" style=\"width: 609px\" class=\"wp-caption aligncenter\"><a href=\"http:\/\/senoticias.com.br\/se\/wp-content\/uploads\/2015\/06\/Ank2lPdxhUd5IBY3e35CJVQnm2q3g5GkI-OfNaT_gX42-e1435239127300.jpg\"><img loading=\"lazy\" decoding=\"async\" aria-describedby=\"caption-attachment-81123\" class=\"size-full wp-image-81123\" alt=\"A primeira noite do Arrai\u00e1 D\u2019Ajuda reuniu no palco as seguintes atra\u00e7\u00f5es: Forr\u00f3 do Mo\u00eddo, Silvano Sales e Alma G\u00eamea. (Foto: T Dantas Comunica\u00e7\u00e3o)\" src=\"http:\/\/senoticias.com.br\/se\/wp-content\/uploads\/2015\/06\/Ank2lPdxhUd5IBY3e35CJVQnm2q3g5GkI-OfNaT_gX42-e1435239127300.jpg\" width=\"599\" height=\"337\" \/><\/a><p id=\"caption-attachment-81123\" class=\"wp-caption-text\">A primeira noite do Arrai\u00e1 D\u2019Ajuda reuniu no palco as seguintes atra\u00e7\u00f5es: Forr\u00f3 do Mo\u00eddo, Silvano Sales e Alma G\u00eamea. (Foto: T Dantas Comunica\u00e7\u00e3o)<\/p><\/div>\n<p style=\"text-align: justify;\">A primeira noite do Arrai\u00e1 D\u2019Ajuda reuniu no palco as seguintes atra\u00e7\u00f5es: Forr\u00f3 do Mo\u00eddo, Silvano Sales e Alma G\u00eamea. Ao som de muito forr\u00f3 e arrocha, sergipanos e turistas aprovaram a abertura dos festejos juninos, que ocorreu em clima de paz e muita anima\u00e7\u00e3o.<\/p>\n<p style=\"text-align: justify;\">\u201cGostei muito da abertura do S\u00e3o Jo\u00e3o de Itaporanga, uma festa de muita, mas muita tranquilidade. J\u00e1 estou me preparando desde j\u00e1 para amanh\u00e3 est\u00e1 aqui de novo\u201d, disse sorridente a aracajuana Carla Santana, que veio acompanhada de dezenas de colegas.<\/p>\n<p style=\"text-align: justify;\">J\u00e1 o turista paulista Sandro Augusto, destacou a tradi\u00e7\u00e3o cultural e a tranquilidade da festa como os principais motivos que o fizeram vir \u00e0 Itaporanga.<\/p>\n<p style=\"text-align: justify;\">\u201cEu e minha fam\u00edlia estamos em f\u00e9rias, da\u00ed viemos curtir o S\u00e3o Jo\u00e3o em Sergipe que \u00e9 muito animado e tradicional. Soubemos pela imprensa do tradicional Arrai\u00e1 D\u2019Ajuda e resolvemos vir curtir essa festa. Confesso que estamos gostando muito das atra\u00e7\u00f5es e da simpatia deste povo hospitaleiro de Sergipe. Voc\u00eas todos est\u00e3o de parab\u00e9ns por esta festa linda e muito segura\u201d, admitiu o turista.<\/p>\n<p style=\"text-align: justify;\">Animada e bastante contente com o sucesso do Arrai\u00e1 D\u2019Ajuda, a prefeita Maria das Gra\u00e7as Garcez (Gracinha) promete valorizar e incentivar cada vez mais a cultura nordestina, que \u00e9 sucesso de p\u00fablico em Sergipe.<\/p>\n<p style=\"text-align: justify;\">\u201cEstamos felizes com o sucesso que foi a abertura do nosso S\u00e3o Jo\u00e3o. Feliz tamb\u00e9m por ver tantos turistas visitando a nossa cidade e curtindo o nosso S\u00e3o Jo\u00e3o. A gente pode afirmar com absoluta certeza que o Arrai\u00e1 D\u2019Ajuda j\u00e1 ultrapassou os limites de Sergipe, o que o consagra como uma das melhores festas juninas do Nordeste\u201d, diz animada a prefeita Gracinha, que curtiu a festa at\u00e9 o sol raiar.<\/p>\n<p style=\"text-align: justify;\">Al\u00e9m de turistas, v\u00e1rias personalidades pol\u00edticas compareceram a abertura dos festejos juninos de Itaporanga, a exemplo do deputado federal Valadares Filho e dos ex-deputados federais Rog\u00e9rio Carvalho, assessor do Minist\u00e9rio da Sa\u00fade, e M\u00e1rcio Macedo, secret\u00e1rio nacional de Finan\u00e7as do PT, e a prefeita de Arau\u00e1, Ana Costa, que foram recepcionados pela prefeita Gracinha no camarote da Prefeitura.<\/p>\n<p style=\"text-align: justify;\">De Itaporanga D\u2019Ajuda festejaram a abertura do S\u00e3o Jo\u00e3o do munic\u00edpio, os vereadores: Gordo Propaganda, Marcelo Anchieta, Bruno Sobral, Celinha Sobral, Marisa da Mata e Renatinho de Z\u00e9 de Lili, presidente da C\u00e2mara, al\u00e9m dos secret\u00e1rios municipais: Thiago Luduvice (Governo), Elis\u00f4nis Lisboa (Sa\u00fade), Maria de F\u00e1tima (Cultura e Turismo), C\u00e9sar de Beb\u00e9 (Agricultura, Ind\u00fastria e Com\u00e9rcio), Faustinho Sobral (Meio Ambiente), Francinaldo Alves (Esportes e Juventude) e Mirela C\u00f4rtes (Assist\u00eancia Social).<\/p>\n<p style=\"text-align: justify;\">O Arrai\u00e1 D\u2019Ajuda termina nesta quarta-feira com mais tr\u00eas grandes atra\u00e7\u00f5es: Calcinha Preta, Simone e Simaria e Raquel dos Teclados. O evento ter\u00e1 in\u00edcio \u00e0s 19h.<\/p>\n<p style=\"text-align: justify;\"><strong><em>T. Dantas Comunica\u00e7\u00e3o\u00a0<\/em><\/strong><\/p>\n","protected":false},"excerpt":{"rendered":"<p>\u00a0 A Pra\u00e7a de Eventos de Itaporanga D\u2019Ajuda ficou pequena para os milhares de pessoas que participaram da abertura dos festejos juninos da cidade, que aconteceu na noite desta ter\u00e7a-feira (23). O evento reuniu mais de 30 mil pessoas, segundo dados da Pol\u00edcia Militar e da organiza\u00e7\u00e3o da festa. A primeira noite do Arrai\u00e1 D\u2019Ajuda [&hellip;]<\/p>\n","protected":false},"author":1,"featured_media":81123,"comment_status":"closed","ping_status":"closed","sticky":false,"template":"","format":"standard","meta":{"footnotes":""},"categories":[38],"tags":[],"class_list":{"0":"post-81121","1":"post","2":"type-post","3":"status-publish","4":"format-standard","5":"has-post-thumbnail","7":"category-municipios"},"_links":{"self":[{"href":"https:\/\/senoticias.com.br\/se\/wp-json\/wp\/v2\/posts\/81121"}],"collection":[{"href":"https:\/\/senoticias.com.br\/se\/wp-json\/wp\/v2\/posts"}],"about":[{"href":"https:\/\/senoticias.com.br\/se\/wp-json\/wp\/v2\/types\/post"}],"author":[{"embeddable":true,"href":"https:\/\/senoticias.com.br\/se\/wp-json\/wp\/v2\/users\/1"}],"replies":[{"embeddable":true,"href":"https:\/\/senoticias.com.br\/se\/wp-json\/wp\/v2\/comments?post=81121"}],"version-history":[{"count":0,"href":"https:\/\/senoticias.com.br\/se\/wp-json\/wp\/v2\/posts\/81121\/revisions"}],"wp:featuredmedia":[{"embeddable":true,"href":"https:\/\/senoticias.com.br\/se\/wp-json\/wp\/v2\/media\/81123"}],"wp:attachment":[{"href":"https:\/\/senoticias.com.br\/se\/wp-json\/wp\/v2\/media?parent=81121"}],"wp:term":[{"taxonomy":"category","embeddable":true,"href":"https:\/\/senoticias.com.br\/se\/wp-json\/wp\/v2\/categories?post=81121"},{"taxonomy":"post_tag","embeddable":true,"href":"https:\/\/senoticias.com.br\/se\/wp-json\/wp\/v2\/tags?post=81121"}],"curies":[{"name":"wp","href":"https:\/\/api.w.org\/{rel}","templated":true}]}}