{"id":81117,"date":"2015-06-24T18:54:22","date_gmt":"2015-06-24T21:54:22","guid":{"rendered":"http:\/\/senoticias.com.br\/se\/?p=81117"},"modified":"2015-06-26T21:38:53","modified_gmt":"2015-06-27T00:38:53","slug":"familiares-e-amigos-se-despedem-do-cantor-cristiano-araujo-em-goiania","status":"publish","type":"post","link":"https:\/\/senoticias.com.br\/se\/familiares-e-amigos-se-despedem-do-cantor-cristiano-araujo-em-goiania\/","title":{"rendered":"Familiares e amigos se despedem do cantor Cristiano Ara\u00fajo, em Goi\u00e2nia"},"content":{"rendered":"<p style=\"text-align: justify;\">Familiares e amigos do cantor Cristiano Ara\u00fajo, de 29 anos, e da namorada dele, Allana Coelho, de 19, se despedem do casal, morto em um acidente de carro nesta quarta-feira (24). O vel\u00f3rio acontece no Centro Cultural Oscar Niemeyer (CCON), em Goi\u00e2nia. Os corpos chegaram \u00e0s 18h20. Inicialmente, a cerim\u00f4nia ser\u00e1 exclusivamente para os parentes. Somente depois \u00e9 que f\u00e3s poder\u00e3o se despedir do m\u00fasico.<\/p>\n<div id=\"attachment_81118\" style=\"width: 568px\" class=\"wp-caption aligncenter\"><a href=\"http:\/\/senoticias.com.br\/se\/wp-content\/uploads\/2015\/06\/velorio_1.jpg\"><img loading=\"lazy\" decoding=\"async\" aria-describedby=\"caption-attachment-81118\" class=\" wp-image-81118 \" alt=\"Familiares e amigos se despedem de Cristiano Ara\u00fajo e da namorada (Foto: S\u00edlvio T\u00falio\/G1) \" src=\"http:\/\/senoticias.com.br\/se\/wp-content\/uploads\/2015\/06\/velorio_1.jpg\" width=\"558\" height=\"360\" srcset=\"https:\/\/senoticias.com.br\/se\/wp-content\/uploads\/2015\/06\/velorio_1.jpg 620w, https:\/\/senoticias.com.br\/se\/wp-content\/uploads\/2015\/06\/velorio_1-300x193.jpg 300w, https:\/\/senoticias.com.br\/se\/wp-content\/uploads\/2015\/06\/velorio_1-342x220.jpg 342w\" sizes=\"(max-width: 558px) 100vw, 558px\" \/><\/a><p id=\"caption-attachment-81118\" class=\"wp-caption-text\">Familiares e amigos se despedem de Cristiano Ara\u00fajo e da namorada (Foto: S\u00edlvio T\u00falio\/G1)<\/p><\/div>\n<p style=\"text-align: justify;\">Os caix\u00f5es est\u00e3o abertos, um ao lado do outro dentro do Pal\u00e1cio da M\u00fasica, no CCON. Do lado de dentro, familiares est\u00e3o muito emocionados. Enquanto esperam, centenas de f\u00e3s est\u00e3o do lado de fora, cantando m\u00fasicas do sertanejo.<\/p>\n<p style=\"text-align: justify;\">Al\u00e9m dos familiares, alguns amigos famosos est\u00e3o no local para prestar as \u00faltimas homenagens ao cantor. Entre eles est\u00e1 Guilherme, da dupla Guilherme e Santiago, e o ex-BBB Yuri Fernandes. &#8220;\u00c9ramos amigos de inf\u00e2ncia, conhecia o Cris desde os 10 anos. Sempre ia aos shows dele, mesmo quando ele ainda n\u00e3o era famoso. \u00c9 uma perda muito grande&#8221;, disse Yuri.<\/p>\n<p style=\"text-align: justify;\">O acidente aconteceu por volta das 3h30 desta quarta-feira (24), na altura do km 614 da BR-153, entre Morrinhos e o trevo de Pontalina, em Goi\u00e1s, quando o cantor voltava de um show em Itumbiara, no sul do estado.<\/p>\n<p style=\"text-align: justify;\">No ve\u00edculo do cantor tamb\u00e9m estavam o motorista Ronaldo Miranda e um dos empres\u00e1rios do sertanejo, Vitor Leonardo, que se feriram.<\/p>\n<p style=\"text-align: justify;\">O delegado que investiga o caso, Fabiano Henrique Jacomelis, solicitou um laudo cadav\u00e9rico das v\u00edtimas fatais e uma per\u00edcia no local do acidente. As an\u00e1lises devem apontar se elas usavam cinto de seguran\u00e7a no momento do acidente.<\/p>\n<p style=\"text-align: justify;\">\u201cO cantor e a namorada foram arremessados para fora do ve\u00edculo, sendo assim, os ind\u00edcios apontam que eles n\u00e3o usavam o cinto de seguran\u00e7a. Mas isso s\u00f3 ser\u00e1 comprovado com o resultado dos laudos\u201d, disse Jacomelis. Segundo ele, tamb\u00e9m h\u00e1 sinais de que o motorista e o passageiro do banco da frente estavam com cinto.<\/p>\n<p style=\"text-align: justify;\">Por volta das 14h30, o corpo do sertanejo foi liberado do IML. Familiares de Allana tamb\u00e9m estiveram em Morrinhos, onde fizeram a libera\u00e7\u00e3o do corpo da estudante.<\/p>\n<p style=\"text-align: justify;\"><strong>Atendimento e morte<\/strong><\/p>\n<p style=\"text-align: justify;\">Ap\u00f3s o acidente, Cristiano chegou a ser levado ao Hospital Municipal de Morrinhos. O m\u00e9dico Renato Martins Bessa, que fez o primeiro atendimento, disse que o quadro de sa\u00fade do cantor era grave.<\/p>\n<p style=\"text-align: justify;\">\u201cEle chegou com sinais de les\u00e3o neurol\u00f3gica, decorrente de um traumatismo cr\u00e2nio encef\u00e1lico. Cerca de 10 minutos depois ele evoluiu para uma insufici\u00eancia respirat\u00f3ria aguda, tendo que ser entubado e ventilado artificialmente. A\u00ed fizemos os exames pertinentes e foi acionada a equipe de plant\u00e3o\u201d, disse.<\/p>\n<p style=\"text-align: justify;\">Em seguida, o cantor foi transferido em uma Unidade de Terapia Intensiva (UTI) M\u00f3vel at\u00e9 a capital. \u201cEle chegou por volta das 4h e, ap\u00f3s a estabiliza\u00e7\u00e3o, por volta das 5h, ele foi encaminhado para Goi\u00e2nia. Esse per\u00edodo foi importante, pois a movimenta\u00e7\u00e3o com a viagem podia piorar o quadro cl\u00ednico\u201d, destacou Bessa.<\/p>\n<p style=\"text-align: justify;\"><em>Com informa\u00e7\u00f5es de Vitor Santana e S\u00edlvio T\u00falio do G1 GO<\/em><\/p>\n<p style=\"text-align: justify;\"><strong>Acompanhe o SE Not\u00edcias no <a href=\"https:\/\/twitter.com\/Senoticias\" target=\"_blank\">Twitter <\/a>e no <a href=\"https:\/\/www.facebook.com\/PortalSENoticias\" target=\"_blank\">Facebook<\/a><\/strong><\/p>\n","protected":false},"excerpt":{"rendered":"<p>Familiares e amigos do cantor Cristiano Ara\u00fajo, de 29 anos, e da namorada dele, Allana Coelho, de 19, se despedem do casal, morto em um acidente de carro nesta quarta-feira (24). O vel\u00f3rio acontece no Centro Cultural Oscar Niemeyer (CCON), em Goi\u00e2nia. Os corpos chegaram \u00e0s 18h20. Inicialmente, a cerim\u00f4nia ser\u00e1 exclusivamente para os parentes. [&hellip;]<\/p>\n","protected":false},"author":1,"featured_media":81118,"comment_status":"closed","ping_status":"closed","sticky":false,"template":"","format":"standard","meta":{"footnotes":""},"categories":[310,8],"tags":[],"class_list":{"0":"post-81117","1":"post","2":"type-post","3":"status-publish","4":"format-standard","5":"has-post-thumbnail","7":"category-destaques-da-semana","8":"category-esporte-e-cultura"},"_links":{"self":[{"href":"https:\/\/senoticias.com.br\/se\/wp-json\/wp\/v2\/posts\/81117"}],"collection":[{"href":"https:\/\/senoticias.com.br\/se\/wp-json\/wp\/v2\/posts"}],"about":[{"href":"https:\/\/senoticias.com.br\/se\/wp-json\/wp\/v2\/types\/post"}],"author":[{"embeddable":true,"href":"https:\/\/senoticias.com.br\/se\/wp-json\/wp\/v2\/users\/1"}],"replies":[{"embeddable":true,"href":"https:\/\/senoticias.com.br\/se\/wp-json\/wp\/v2\/comments?post=81117"}],"version-history":[{"count":0,"href":"https:\/\/senoticias.com.br\/se\/wp-json\/wp\/v2\/posts\/81117\/revisions"}],"wp:featuredmedia":[{"embeddable":true,"href":"https:\/\/senoticias.com.br\/se\/wp-json\/wp\/v2\/media\/81118"}],"wp:attachment":[{"href":"https:\/\/senoticias.com.br\/se\/wp-json\/wp\/v2\/media?parent=81117"}],"wp:term":[{"taxonomy":"category","embeddable":true,"href":"https:\/\/senoticias.com.br\/se\/wp-json\/wp\/v2\/categories?post=81117"},{"taxonomy":"post_tag","embeddable":true,"href":"https:\/\/senoticias.com.br\/se\/wp-json\/wp\/v2\/tags?post=81117"}],"curies":[{"name":"wp","href":"https:\/\/api.w.org\/{rel}","templated":true}]}}