{"id":81113,"date":"2015-06-24T16:05:00","date_gmt":"2015-06-24T19:05:00","guid":{"rendered":"http:\/\/senoticias.com.br\/se\/?p=81113"},"modified":"2015-06-24T16:05:43","modified_gmt":"2015-06-24T19:05:43","slug":"anvisa-decide-que-embalagens-terao-de-avisar-sobre-ingrediente-alergenico","status":"publish","type":"post","link":"https:\/\/senoticias.com.br\/se\/anvisa-decide-que-embalagens-terao-de-avisar-sobre-ingrediente-alergenico\/","title":{"rendered":"Anvisa decide que embalagens ter\u00e3o de avisar sobre ingrediente alerg\u00eanico"},"content":{"rendered":"<p style=\"text-align: justify;\">A Ag\u00eancia Nacional de Vigil\u00e2ncia Sanit\u00e1ria (Anvisa) aprovou nesta quarta-feira (24) uma nova resolu\u00e7\u00e3o que obriga a ind\u00fastria aliment\u00edcia a informar no r\u00f3tulo do produto se h\u00e1 presen\u00e7a dos principais alimentos que causam alergias alimentares.<\/p>\n<div id=\"attachment_81114\" style=\"width: 528px\" class=\"wp-caption aligncenter\"><a href=\"http:\/\/senoticias.com.br\/se\/wp-content\/uploads\/2015\/06\/june-2014-rotulos-dos-alimentos-2a1-1402943071-jpg.jpg\"><img loading=\"lazy\" decoding=\"async\" aria-describedby=\"caption-attachment-81114\" class=\" wp-image-81114   \" alt=\"Foto: Divulga\u00e7\u00e3o \" src=\"http:\/\/senoticias.com.br\/se\/wp-content\/uploads\/2015\/06\/june-2014-rotulos-dos-alimentos-2a1-1402943071-jpg.jpg\" width=\"518\" height=\"473\" srcset=\"https:\/\/senoticias.com.br\/se\/wp-content\/uploads\/2015\/06\/june-2014-rotulos-dos-alimentos-2a1-1402943071-jpg.jpg 900w, https:\/\/senoticias.com.br\/se\/wp-content\/uploads\/2015\/06\/june-2014-rotulos-dos-alimentos-2a1-1402943071-jpg-300x274.jpg 300w, https:\/\/senoticias.com.br\/se\/wp-content\/uploads\/2015\/06\/june-2014-rotulos-dos-alimentos-2a1-1402943071-jpg-342x312.jpg 342w\" sizes=\"(max-width: 518px) 100vw, 518px\" \/><\/a><p id=\"caption-attachment-81114\" class=\"wp-caption-text\">Foto: Divulga\u00e7\u00e3o<\/p><\/div>\n<p style=\"text-align: justify;\">A decis\u00e3o foi tomada durante a reuni\u00e3o da Diretoria Colegiada, nesta manh\u00e3.<\/p>\n<p style=\"text-align: justify;\">Segundo o regulamento, que abrange alimentos e bebidas, os r\u00f3tulos dever\u00e3o informar a exist\u00eancia de 17 alimentos: trigo (centeio, cevada, aveia e suas estirpes hibridizadas); crust\u00e1ceos; ovos; peixes; amendoim; soja; leite de todos os mam\u00edferos; am\u00eandoa; avel\u00e3; castanha de caju; castanha do Par\u00e1; macad\u00e2mia; nozes; pec\u00e3; pistaches; pinoli; castanhas, al\u00e9m de l\u00e1tex natural.<\/p>\n<p style=\"text-align: justify;\">De acordo com a Anvisa, os derivados desses produtos dever\u00e3o trazer as seguintes informa\u00e7\u00f5es no r\u00f3tulo:<\/p>\n<p style=\"text-align: justify;\">&#8211; Al\u00e9rgicos: Cont\u00e9m (nomes comuns dos alimentos que causam alergias alimentares);<br \/>\n&#8211; Al\u00e9rgicos: Cont\u00e9m derivados de (nomes comuns dos alimentos que causam alergias);<br \/>\n&#8211; Al\u00e9rgicos: Cont\u00e9m (nomes comuns dos alimentos que causam alergias alimentares) e derivados.<\/p>\n<p style=\"text-align: justify;\">Os dados sobre os alerg\u00eanicos vir\u00e3o logo abaixo da lista de ingredientes. Al\u00e9m disso, as palavras t\u00eam que estar em caixa alta, negrito e com a cor diferente do r\u00f3tulo. A letra n\u00e3o pode ser menor do que a da lista de ingredientes.<\/p>\n<p style=\"text-align: justify;\">Os fabricantes ter\u00e3o um ano para adequar as embalagens. Os produtos fabricados at\u00e9 o final do prazo de adequa\u00e7\u00e3o poder\u00e3o ser comercializados at\u00e9 o fim de seu prazo de validade.<\/p>\n<p style=\"text-align: justify;\">A medida passa a valer assim que a resolu\u00e7\u00e3o for publicada no Di\u00e1rio Oficial da Uni\u00e3o, o que deve acontecer nos pr\u00f3ximos dias.<br \/>\nSegundo o diretor-relator da mat\u00e9ria, Renato Porto, esta demanda nasceu \u201cfortemente da sociedade\u201d, o que fez com que toda a diretoria votasse unilateralmente pela regulamenta\u00e7\u00e3o.<\/p>\n<p style=\"text-align: justify;\">\u201cA sociedade pode agora ter certeza que ter\u00e1 r\u00f3tulos de produtos muito mais adequados, que v\u00e3o dar a possibilidade do consumidor de escolher adequadamente seus produtos, dado que a melhor maneira de se prevenir [de uma crise al\u00e9rgica] \u00e9 evitando o consumo\u201d, explicou.<\/p>\n<p style=\"text-align: justify;\"><strong>Ind\u00fastria est\u00e1 comprometida com mudan\u00e7a<\/strong><\/p>\n<p style=\"text-align: justify;\">Em nota, a Associa\u00e7\u00e3o Brasileira das Ind\u00fastrias de Alimenta\u00e7\u00e3o (Abia) diz reconhecer como v\u00e1lidas as demandas do consumidor com hipersensibilidade e suas fam\u00edlias, em especial a import\u00e2ncia das informa\u00e7\u00f5es sobre a composi\u00e7\u00e3o dos produtos nos r\u00f3tulos.<br \/>\nSegundo a organiza\u00e7\u00e3o,o setor est\u00e1 comprometido com a oferta de alimentos que atendam \u00e0s demandas dos consumidores e que componham uma dieta equilibrada e saud\u00e1vel, al\u00e9m da transpar\u00eancia das informa\u00e7\u00f5es no r\u00f3tulo dos produtos.<\/p>\n<p style=\"text-align: justify;\">&#8220;A ABIA reafirma seu compromisso com a saudabilidade da popula\u00e7\u00e3o brasileira e refor\u00e7a seu apoio \u00e0 cria\u00e7\u00e3o de mecanismos que favore\u00e7am o acesso e transpar\u00eancia das informa\u00e7\u00f5es para o consumidor&#8221;, informa a nota.<\/p>\n<p style=\"text-align: justify;\"><em>Com informa\u00e7\u00f5es do G1, em S\u00e3o Paulo<\/em><\/p>\n<p style=\"text-align: justify;\"><strong>Acompanhe o SE Not\u00edcias no <a href=\"https:\/\/twitter.com\/Senoticias\" target=\"_blank\">Twitter <\/a>e no <a href=\"https:\/\/www.facebook.com\/PortalSENoticias\" target=\"_blank\">Facebook<\/a><\/strong><\/p>\n","protected":false},"excerpt":{"rendered":"<p>A Ag\u00eancia Nacional de Vigil\u00e2ncia Sanit\u00e1ria (Anvisa) aprovou nesta quarta-feira (24) uma nova resolu\u00e7\u00e3o que obriga a ind\u00fastria aliment\u00edcia a informar no r\u00f3tulo do produto se h\u00e1 presen\u00e7a dos principais alimentos que causam alergias alimentares. A decis\u00e3o foi tomada durante a reuni\u00e3o da Diretoria Colegiada, nesta manh\u00e3. Segundo o regulamento, que abrange alimentos e bebidas, [&hellip;]<\/p>\n","protected":false},"author":1,"featured_media":81114,"comment_status":"closed","ping_status":"closed","sticky":false,"template":"","format":"standard","meta":{"footnotes":""},"categories":[38],"tags":[],"class_list":{"0":"post-81113","1":"post","2":"type-post","3":"status-publish","4":"format-standard","5":"has-post-thumbnail","7":"category-municipios"},"_links":{"self":[{"href":"https:\/\/senoticias.com.br\/se\/wp-json\/wp\/v2\/posts\/81113"}],"collection":[{"href":"https:\/\/senoticias.com.br\/se\/wp-json\/wp\/v2\/posts"}],"about":[{"href":"https:\/\/senoticias.com.br\/se\/wp-json\/wp\/v2\/types\/post"}],"author":[{"embeddable":true,"href":"https:\/\/senoticias.com.br\/se\/wp-json\/wp\/v2\/users\/1"}],"replies":[{"embeddable":true,"href":"https:\/\/senoticias.com.br\/se\/wp-json\/wp\/v2\/comments?post=81113"}],"version-history":[{"count":0,"href":"https:\/\/senoticias.com.br\/se\/wp-json\/wp\/v2\/posts\/81113\/revisions"}],"wp:featuredmedia":[{"embeddable":true,"href":"https:\/\/senoticias.com.br\/se\/wp-json\/wp\/v2\/media\/81114"}],"wp:attachment":[{"href":"https:\/\/senoticias.com.br\/se\/wp-json\/wp\/v2\/media?parent=81113"}],"wp:term":[{"taxonomy":"category","embeddable":true,"href":"https:\/\/senoticias.com.br\/se\/wp-json\/wp\/v2\/categories?post=81113"},{"taxonomy":"post_tag","embeddable":true,"href":"https:\/\/senoticias.com.br\/se\/wp-json\/wp\/v2\/tags?post=81113"}],"curies":[{"name":"wp","href":"https:\/\/api.w.org\/{rel}","templated":true}]}}