{"id":81110,"date":"2015-06-24T15:53:42","date_gmt":"2015-06-24T18:53:42","guid":{"rendered":"http:\/\/senoticias.com.br\/se\/?p=81110"},"modified":"2015-06-24T15:53:42","modified_gmt":"2015-06-24T18:53:42","slug":"cinto-de-seguranca-ainda-e-pouco-usado-no-banco-traseiro","status":"publish","type":"post","link":"https:\/\/senoticias.com.br\/se\/cinto-de-seguranca-ainda-e-pouco-usado-no-banco-traseiro\/","title":{"rendered":"Cinto de seguran\u00e7a ainda \u00e9 pouco usado no banco traseiro"},"content":{"rendered":"<p style=\"text-align: justify;\">O cinto de seguran\u00e7a \u00e9 indispens\u00e1vel, inclusive, para o bom funcionamento do airbag, item obrigat\u00f3rio nos bancos da frente de todos os carros produzidos no Brasil a partir de 2014. Mas o uso do cinto, principalmente no banco de tr\u00e1s, n\u00e3o \u00e9 unanimidade.<\/p>\n<div id=\"attachment_81111\" style=\"width: 568px\" class=\"wp-caption aligncenter\"><a href=\"http:\/\/senoticias.com.br\/se\/wp-content\/uploads\/2015\/06\/cintotraseiro.jpg\"><img loading=\"lazy\" decoding=\"async\" aria-describedby=\"caption-attachment-81111\" class=\" wp-image-81111 \" alt=\"Mais da metade dos usu\u00e1rios ignora o cinto no banco traseiro, diz pesquisa (Foto: TV Globo) \" src=\"http:\/\/senoticias.com.br\/se\/wp-content\/uploads\/2015\/06\/cintotraseiro.jpg\" width=\"558\" height=\"419\" srcset=\"https:\/\/senoticias.com.br\/se\/wp-content\/uploads\/2015\/06\/cintotraseiro.jpg 620w, https:\/\/senoticias.com.br\/se\/wp-content\/uploads\/2015\/06\/cintotraseiro-300x225.jpg 300w, https:\/\/senoticias.com.br\/se\/wp-content\/uploads\/2015\/06\/cintotraseiro-342x256.jpg 342w, https:\/\/senoticias.com.br\/se\/wp-content\/uploads\/2015\/06\/cintotraseiro-60x45.jpg 60w, https:\/\/senoticias.com.br\/se\/wp-content\/uploads\/2015\/06\/cintotraseiro-150x113.jpg 150w, https:\/\/senoticias.com.br\/se\/wp-content\/uploads\/2015\/06\/cintotraseiro-269x201.jpg 269w\" sizes=\"(max-width: 558px) 100vw, 558px\" \/><\/a><p id=\"caption-attachment-81111\" class=\"wp-caption-text\">Mais da metade dos usu\u00e1rios ignora o cinto no banco traseiro, diz pesquisa (Foto: TV Globo)<\/p><\/div>\n<p style=\"text-align: justify;\">A Pesquisa Nacional de Sa\u00fade (PNS 2013), feita pelo Instituto Brasileiro de Geografia e Estat\u00edstica (IBGE) e divulgada no in\u00edcio de junho, aponta que apenas 50,2% das pessoas utilizam sempre o cinto de segurna\u00e7a no banco de tr\u00e1s.<\/p>\n<p style=\"text-align: justify;\">Em outra pesquisa realizada pela Ag\u00eancia de Transporte do Estado de S\u00e3o Paulo (Artesp), no in\u00edcio do ano, o resultado aponta que 53% dos passageiros do banco traseiro n\u00e3o usam o cinto; no dianteiro, s\u00e3o 9% dos motoristas e 11% dos passageiros.<\/p>\n<p style=\"text-align: justify;\">A pol\u00edcia investiga se o <a href=\"http:\/\/senoticias.com.br\/se\/?p=81076\" target=\"_blank\"><strong>cantor Cristiano Ara\u00fajo e a namorada dele, Allana Moraes Coelho, que morreram em um acidente<\/strong><\/a> nesta quarta-feira (24), estavam sem cinto.<\/p>\n<p style=\"text-align: justify;\">\u201cO cantor e a namorada foram arremessados para fora do ve\u00edculo, sendo assim, os ind\u00edcios apontam que eles n\u00e3o usavam o cinto de seguran\u00e7a. Mas isso s\u00f3 ser\u00e1 comprovado com o resultado dos laudos\u201d, afirmou delegado Fabiano Henrique Jacomelis, respons\u00e1vel pelo caso.<\/p>\n<p style=\"text-align: justify;\">Segundo a pol\u00edcia, o carro em que eles estavam saiu da pista e capotou na BR-153, em Goi\u00e1s. Outros dois ocupantes do ve\u00edculo, o motorista e o empres\u00e1rio do cantor, que estavam no banco da frente, e com cinto, tiveram apenas ferimentos leves. O motorista passou pelo teste do baf\u00f4metro, que confirmou que ele n\u00e3o bebeu.<\/p>\n<p style=\"text-align: justify;\">O carro em que viajavam era um Range Rover Sport, modelo da marca de luxo Land Rover. Fotos do acidente mostram airbags frontais e laterais abertos. Mas a seguran\u00e7a dos ocupantes \u00e9 relacionada tanto ao uso do cinto, que reduziria o risco de uma pessoa ser arremessada do carro, quanto ao airbag, que serve para absorver impactos.<\/p>\n<p style=\"text-align: justify;\">A propor\u00e7\u00e3o da abertura do airbag \u00e9 calculada levando em conta o trabalho do cinto de seguran\u00e7a, que segura, e muito, o corpo.<\/p>\n<p style=\"text-align: justify;\"><strong>Risco maior<\/strong><\/p>\n<p style=\"text-align: justify;\">&#8220;A falta do cinto faz com que as pessoas sejam arremessadas para fora do ve\u00edculo. Al\u00e9m disso, podem se chocar com os outros ocupantes do ve\u00edculo e causar suas mortes&#8221;, diz Jos\u00e9 Aur\u00e9lio Ramalho, diretor-presidente do Observat\u00f3rio Nacional de Seguran\u00e7a Vi\u00e1ria (ONSV).<\/p>\n<p style=\"text-align: justify;\">&#8220;Infelizmente, s\u00e3o dezenas de pessoas que morrem pelo Brasil todo dia pela falta do uso do cinto de seguran\u00e7a, especialmente nos assentos traseiros. A discuss\u00e3o desse assunto ganha destaque porque envolveu uma pessoa famosa, mas \u00e9 uma realidade corriqueira no pa\u00eds\u201d, completa.<\/p>\n<p style=\"text-align: justify;\">A pesquisa da Ag\u00eancia de Transportes de S\u00e3o Paulo (Artesp), divulgada em janeiro passado, mostrou que 53% dos passageiros do banco traseiro n\u00e3o utilizam o cinto. Enquanto isso, no banco dianteiro, 9% dos motoristas e 11% dos passageiros desprezam o cinto de seguran\u00e7a.<\/p>\n<p style=\"text-align: justify;\">\u201cApesar de, na dianteira, o uso do cinto de seguran\u00e7a ser difundido, principalmente por causa das multas, ainda n\u00e3o existe a cultura no Brasil do uso de seguran\u00e7a no banco traseiro\u201d, explica Ramalho. O n\u00e3o uso do cinto no banco de tr\u00e1s tamb\u00e9m \u00e9 pass\u00edvel de multa e pontua\u00e7\u00e3o na carteira de habilita\u00e7\u00e3o, mas, segundo o especialista em seguran\u00e7a no tr\u00e2nsito, existe maior dificuldade das autoridades de fiscalizar o uso do cinto nos assentos traseiros, fazendo as pessoas n\u00e3o se preocuparem. \u201cAs pessoas acreditam que o carro \u00e9 uma armadura e existe a falta da percep\u00e7\u00e3o de risco, provocando a neglig\u00eancia\u201d, explica.<\/p>\n<p style=\"text-align: justify;\"><em>Com informa\u00e7\u00f5es do G1, em S\u00e3o Paulo<\/em><\/p>\n<p style=\"text-align: justify;\"><strong>Acompanhe o SE Not\u00edcias no <a href=\"https:\/\/twitter.com\/Senoticias\" target=\"_blank\">Twitter <\/a>e no <a href=\"https:\/\/www.facebook.com\/PortalSENoticias\" target=\"_blank\">Facebook<\/a><\/strong><\/p>\n","protected":false},"excerpt":{"rendered":"<p>O cinto de seguran\u00e7a \u00e9 indispens\u00e1vel, inclusive, para o bom funcionamento do airbag, item obrigat\u00f3rio nos bancos da frente de todos os carros produzidos no Brasil a partir de 2014. Mas o uso do cinto, principalmente no banco de tr\u00e1s, n\u00e3o \u00e9 unanimidade. A Pesquisa Nacional de Sa\u00fade (PNS 2013), feita pelo Instituto Brasileiro de [&hellip;]<\/p>\n","protected":false},"author":1,"featured_media":81111,"comment_status":"closed","ping_status":"closed","sticky":false,"template":"","format":"standard","meta":{"footnotes":""},"categories":[1],"tags":[],"class_list":{"0":"post-81110","1":"post","2":"type-post","3":"status-publish","4":"format-standard","5":"has-post-thumbnail","7":"category-sem-categoria"},"_links":{"self":[{"href":"https:\/\/senoticias.com.br\/se\/wp-json\/wp\/v2\/posts\/81110"}],"collection":[{"href":"https:\/\/senoticias.com.br\/se\/wp-json\/wp\/v2\/posts"}],"about":[{"href":"https:\/\/senoticias.com.br\/se\/wp-json\/wp\/v2\/types\/post"}],"author":[{"embeddable":true,"href":"https:\/\/senoticias.com.br\/se\/wp-json\/wp\/v2\/users\/1"}],"replies":[{"embeddable":true,"href":"https:\/\/senoticias.com.br\/se\/wp-json\/wp\/v2\/comments?post=81110"}],"version-history":[{"count":0,"href":"https:\/\/senoticias.com.br\/se\/wp-json\/wp\/v2\/posts\/81110\/revisions"}],"wp:featuredmedia":[{"embeddable":true,"href":"https:\/\/senoticias.com.br\/se\/wp-json\/wp\/v2\/media\/81111"}],"wp:attachment":[{"href":"https:\/\/senoticias.com.br\/se\/wp-json\/wp\/v2\/media?parent=81110"}],"wp:term":[{"taxonomy":"category","embeddable":true,"href":"https:\/\/senoticias.com.br\/se\/wp-json\/wp\/v2\/categories?post=81110"},{"taxonomy":"post_tag","embeddable":true,"href":"https:\/\/senoticias.com.br\/se\/wp-json\/wp\/v2\/tags?post=81110"}],"curies":[{"name":"wp","href":"https:\/\/api.w.org\/{rel}","templated":true}]}}